{"id":144113,"date":"2025-02-11T10:06:15","date_gmt":"2025-02-11T13:06:15","guid":{"rendered":"https:\/\/vinasfm.com\/noticias\/?p=144113"},"modified":"2025-02-11T21:41:37","modified_gmt":"2025-02-12T00:41:37","slug":"personal-policial-aprehendio-a-un-menor-que-circulaba-con-una-moto-robada","status":"publish","type":"post","link":"https:\/\/vinasfm.com\/noticias\/personal-policial-aprehendio-a-un-menor-que-circulaba-con-una-moto-robada\/","title":{"rendered":"PERSONAL POLICIAL APREHENDI\u00d3 A UN MENOR QUE CIRCULABA CON UNA MOTO ROBADA"},"content":{"rendered":"<h4 data-sourcepos=\"3:1-3:331\"><span style=\"color: #000000;\">El joven circulaba en una motocicleta Motomel 150 que hab\u00eda sido sustra\u00edda momentos antes.<\/span><\/h4>\n<p data-sourcepos=\"3:1-3:331\"><span style=\"color: #000000;\">En la noche del lunes, alrededor de las 22:45 horas, <strong>personal de la Comisar\u00eda 14\u00b0 procedi\u00f3 a la aprehensi\u00f3n de un menor de 15 a\u00f1os en la intersecci\u00f3n de las calles Roque S\u00e1enz Pe\u00f1a y Belgrano.\u00a0<\/strong><\/span><\/p>\n<p data-sourcepos=\"5:1-5:334\"><span style=\"color: #000000;\">De acuerdo a la informaci\u00f3n policial, <strong>una llamada alert\u00f3 a los efectivos sobre dos sujetos que circulaban por la zona arrastrando una motocicleta. Al arribar al lugar, los agentes intentaron identificar a los sospechosos, quienes intentaron darse a la fuga. Uno de los menores pudo ser aprehendido, mientras que el otro logr\u00f3 escapar.<\/strong><\/span><\/p>\n<p data-sourcepos=\"7:1-7:198\"><span style=\"color: #000000;\">La motocicleta recuperada, una Motomel 150, hab\u00eda sido sustra\u00edda de la calle Pi\u00e9rola, donde se encontraba estacionada sin medidas de seguridad. La v\u00edctima del robo denunci\u00f3 el hecho ante la polic\u00eda.<\/span><\/p>\n","protected":false},"excerpt":{"rendered":"<p>El joven circulaba en una motocicleta Motomel 150 que hab\u00eda sido sustra\u00edda momentos antes. En la noche del lunes, alrededor de &#8230;<\/p>\n","protected":false},"author":7,"featured_media":144114,"comment_status":"open","ping_status":"open","sticky":false,"template":"","format":"standard","meta":{"footnotes":""},"categories":[201,4],"tags":[],"class_list":["post-144113","post","type-post","status-publish","format-standard","has-post-thumbnail","hentry","category-inseguridad","category-policiales"],"_links":{"self":[{"href":"https:\/\/vinasfm.com\/noticias\/wp-json\/wp\/v2\/posts\/144113","targetHints":{"allow":["GET"]}}],"collection":[{"href":"https:\/\/vinasfm.com\/noticias\/wp-json\/wp\/v2\/posts"}],"about":[{"href":"https:\/\/vinasfm.com\/noticias\/wp-json\/wp\/v2\/types\/post"}],"author":[{"embeddable":true,"href":"https:\/\/vinasfm.com\/noticias\/wp-json\/wp\/v2\/users\/7"}],"replies":[{"embeddable":true,"href":"https:\/\/vinasfm.com\/noticias\/wp-json\/wp\/v2\/comments?post=144113"}],"version-history":[{"count":2,"href":"https:\/\/vinasfm.com\/noticias\/wp-json\/wp\/v2\/posts\/144113\/revisions"}],"predecessor-version":[{"id":144117,"href":"https:\/\/vinasfm.com\/noticias\/wp-json\/wp\/v2\/posts\/144113\/revisions\/144117"}],"wp:featuredmedia":[{"embeddable":true,"href":"https:\/\/vinasfm.com\/noticias\/wp-json\/wp\/v2\/media\/144114"}],"wp:attachment":[{"href":"https:\/\/vinasfm.com\/noticias\/wp-json\/wp\/v2\/media?parent=144113"}],"wp:term":[{"taxonomy":"category","embeddable":true,"href":"https:\/\/vinasfm.com\/noticias\/wp-json\/wp\/v2\/categories?post=144113"},{"taxonomy":"post_tag","embeddable":true,"href":"https:\/\/vinasfm.com\/noticias\/wp-json\/wp\/v2\/tags?post=144113"}],"curies":[{"name":"wp","href":"https:\/\/api.w.org\/{rel}","templated":true}]}}