{"id":144111,"date":"2025-02-11T10:28:43","date_gmt":"2025-02-11T13:28:43","guid":{"rendered":"https:\/\/vinasfm.com\/noticias\/?p=144111"},"modified":"2025-02-11T11:08:20","modified_gmt":"2025-02-11T14:08:20","slug":"productores-de-carmensa-reciben-asistencia-tras-la-tormenta-de-granizo","status":"publish","type":"post","link":"https:\/\/vinasfm.com\/noticias\/productores-de-carmensa-reciben-asistencia-tras-la-tormenta-de-granizo\/","title":{"rendered":"PRODUCTORES DE CARMENSA RECIBEN ASISTENCIA TRAS LA TORMENTA DE GRANIZO"},"content":{"rendered":"<h4 data-sourcepos=\"3:1-3:246\"><span style=\"color: #000000;\">En una jornada de gran importancia para los productores agr\u00edcolas de San Pedro del <span class=\"error misspelling\" title=\"Se ha encontrado un posible error ortogr\u00e1fico.\" data-type=\"misspelling\" data-suggestions=\"[{&quot;value&quot;:&quot;Aquel&quot;},{&quot;value&quot;:&quot;Aqu\u00e9l&quot;}]\" data-rule=\"MORFOLOGIK_RULE_ES\" data-word=\"Atuel\">Atuel<\/span>, se llev\u00f3 a cabo la firma de convenios para la entrega de subsidios destinados a mitigar los da\u00f1os causados por la reciente tormenta de granizo.<\/span><\/h4>\n<p data-sourcepos=\"3:1-3:246\"><span style=\"color: #000000;\">La <em>delegada de <span class=\"error misspelling\" title=\"Se ha encontrado un posible error ortogr\u00e1fico.\" data-type=\"misspelling\" data-suggestions=\"[{&quot;value&quot;:&quot;Carmena&quot;},{&quot;value&quot;:&quot;Carmenas&quot;},{&quot;value&quot;:&quot;Carmen\u00e1&quot;}]\" data-rule=\"MORFOLOGIK_RULE_ES\" data-word=\"Carmensa\">Carmensa<\/span><\/em>, <span style=\"color: #003366;\"><strong>Norma Costa<\/strong><\/span>, expres\u00f3 su satisfacci\u00f3n por esta iniciativa: <strong><em><span class=\"grammar correction\" title=\"En una tipograf\u00eda cuidada, use comillas tipogr\u00e1ficas.\" data-type=\"grammar\" data-suggestions=\"[{&quot;value&quot;:&quot;\u201c&quot;},{&quot;value&quot;:&quot;\u00ab&quot;}]\" data-rule=\"COMILLAS_TIPOGRAFICAS\" data-word=\"&quot;\">\u201c<\/span>Hoy se est\u00e1n firmando los convenios y los productores est\u00e1n muy contentos. Se ha evaluado cada caso de manera individual para asegurar que los subsidios lleguen a quienes m\u00e1s lo necesitan<span class=\"grammar correction\" title=\"En una tipograf\u00eda cuidada, use comillas tipogr\u00e1ficas.\" data-type=\"grammar\" data-suggestions=\"[{&quot;value&quot;:&quot;\u201d&quot;},{&quot;value&quot;:&quot;\u00bb&quot;}]\" data-rule=\"COMILLAS_TIPOGRAFICAS\" data-word=\"&quot;\">\u201d<\/span>.<\/em><\/strong><\/span><\/p>\n<p data-sourcepos=\"3:1-3:246\"><span style=\"color: #000000;\">Por su parte, <em>el director de Agricultura<\/em>, <span style=\"color: #003366;\"><strong>Agust\u00edn <span class=\"error misspelling\" title=\"Se ha encontrado un posible error ortogr\u00e1fico.\" data-type=\"misspelling\" data-suggestions=\"[{&quot;value&quot;:&quot;Azore\u00f1a&quot;}]\" data-rule=\"MORFOLOGIK_RULE_ES\" data-word=\"Anzorena\">Anzorena<\/span><\/strong><\/span>, brind\u00f3 detalles sobre el programa de asistencia.<strong><em> <span class=\"grammar correction\" title=\"En una tipograf\u00eda cuidada, use comillas tipogr\u00e1ficas.\" data-type=\"grammar\" data-suggestions=\"[{&quot;value&quot;:&quot;\u201c&quot;},{&quot;value&quot;:&quot;\u00ab&quot;}]\" data-rule=\"COMILLAS_TIPOGRAFICAS\" data-word=\"&quot;\">\u201c<\/span>Despu\u00e9s de la tormenta del 17 de enero, el Intendente Alejandro Molero se comprometi\u00f3 a brindar un subsidio de hasta un mill\u00f3n de pesos a los productores afectados. Hemos evaluado cada caso y 21 productores recibir\u00e1n el monto m\u00e1ximo, mientras que otros 6 a 7 productores recibir\u00e1n un monto menor de acuerdo al da\u00f1o sufrido<span class=\"grammar correction\" title=\"En una tipograf\u00eda cuidada, use comillas tipogr\u00e1ficas.\" data-type=\"grammar\" data-suggestions=\"[{&quot;value&quot;:&quot;\u201d&quot;},{&quot;value&quot;:&quot;\u00bb&quot;}]\" data-rule=\"COMILLAS_TIPOGRAFICAS\" data-word=\"&quot;\">\u201d<\/span>.<\/em><\/strong><\/span><\/p>\n<p data-sourcepos=\"3:1-3:246\"><span style=\"color: #000000;\">Los productores podr\u00e1n utilizar los fondos recibidos para adquirir insumos agr\u00edcolas como semillas, fertilizantes y combustible, lo que les permitir\u00e1 recuperar sus cultivos y continuar con su actividad productiva. <em><strong><span class=\"grammar correction\" title=\"En una tipograf\u00eda cuidada, use comillas tipogr\u00e1ficas.\" data-type=\"grammar\" data-suggestions=\"[{&quot;value&quot;:&quot;\u201c&quot;},{&quot;value&quot;:&quot;\u00ab&quot;}]\" data-rule=\"COMILLAS_TIPOGRAFICAS\" data-word=\"&quot;\">\u201c<\/span>El objetivo es que los productores puedan superar esta dif\u00edcil situaci\u00f3n y seguir adelante con sus proyectos<\/strong><\/em><span class=\"grammar correction\" title=\"En una tipograf\u00eda cuidada, use comillas tipogr\u00e1ficas.\" data-type=\"grammar\" data-suggestions=\"[{&quot;value&quot;:&quot;\u201d&quot;},{&quot;value&quot;:&quot;\u00bb&quot;}]\" data-rule=\"COMILLAS_TIPOGRAFICAS\" data-word=\"&quot;\">\u201d<\/span>, afirm\u00f3 <span class=\"error misspelling selected\" title=\"Se ha encontrado un posible error ortogr\u00e1fico.\" data-type=\"misspelling\" data-suggestions=\"[{&quot;value&quot;:&quot;Azore\u00f1a&quot;}]\" data-rule=\"MORFOLOGIK_RULE_ES\" data-word=\"Anzorena\">Anzorena<\/span>.<\/span><\/p>\n<p data-sourcepos=\"3:1-3:246\"><span style=\"color: #000000;\">Esta medida demuestra el compromiso del municipio de General Alvear con el sector productivo. <strong><em><span class=\"grammar correction\" title=\"En una tipograf\u00eda cuidada, use comillas tipogr\u00e1ficas.\" data-type=\"grammar\" data-suggestions=\"[{&quot;value&quot;:&quot;\u201c&quot;},{&quot;value&quot;:&quot;\u00ab&quot;}]\" data-rule=\"COMILLAS_TIPOGRAFICAS\" data-word=\"&quot;\">\u201c<\/span>El intendente Alejandro Molero ha sido muy claro en su mensaje: los productores son una pieza fundamental para el desarrollo de nuestra comunidad y debemos apoyarlos en momentos de dificultad<\/em><\/strong><span class=\"grammar correction\" title=\"En una tipograf\u00eda cuidada, use comillas tipogr\u00e1ficas.\" data-type=\"grammar\" data-suggestions=\"[{&quot;value&quot;:&quot;\u201d&quot;},{&quot;value&quot;:&quot;\u00bb&quot;}]\" data-rule=\"COMILLAS_TIPOGRAFICAS\" data-word=\"&quot;\">\u201d<\/span>, destac\u00f3 la delegada Costa.<\/span><\/p>\n<p data-sourcepos=\"3:1-3:246\"><span style=\"color: #000000;\"><span style=\"color: #003366;\"><strong>Hugo <span class=\"error misspelling\" title=\"Se ha encontrado un posible error ortogr\u00e1fico.\" data-type=\"misspelling\" data-suggestions=\"[{&quot;value&quot;:&quot;Enviarte&quot;},{&quot;value&quot;:&quot;Culparte&quot;},{&quot;value&quot;:&quot;Eulate&quot;},{&quot;value&quot;:&quot;Uriarte&quot;},{&quot;value&quot;:&quot;Aliarte&quot;},{&quot;value&quot;:&quot;Aullarte&quot;},{&quot;value&quot;:&quot;Culearte&quot;}]\" data-rule=\"MORFOLOGIK_RULE_ES\" data-word=\"Euliarte\">Euliarte<\/span><\/strong><\/span>, uno de los productores beneficiados, expres\u00f3 su agradecimiento al municipio por esta iniciativa: <em><strong>\u201cCon este subsidio vamos a poder recuperar parte de lo que perdimos y seguir adelante con nuestra producci\u00f3n\u201d.<\/strong><\/em> <span class=\"error misspelling\" title=\"Se ha encontrado un posible error ortogr\u00e1fico.\" data-type=\"misspelling\" data-suggestions=\"[{&quot;value&quot;:&quot;Enviarte&quot;},{&quot;value&quot;:&quot;Culparte&quot;},{&quot;value&quot;:&quot;Eulate&quot;},{&quot;value&quot;:&quot;Uriarte&quot;},{&quot;value&quot;:&quot;Aliarte&quot;},{&quot;value&quot;:&quot;Aullarte&quot;},{&quot;value&quot;:&quot;Culearte&quot;}]\" data-rule=\"MORFOLOGIK_RULE_ES\" data-word=\"Euliarte\">Euliarte<\/span>, junto a su hermano, cultivan hortalizas como tomate y verdura en una finca ubicada a 11 kil\u00f3metros de <span class=\"error misspelling\" title=\"Se ha encontrado un posible error ortogr\u00e1fico.\" data-type=\"misspelling\" data-suggestions=\"[{&quot;value&quot;:&quot;Carmena&quot;},{&quot;value&quot;:&quot;Carmenas&quot;},{&quot;value&quot;:&quot;Carmen\u00e1&quot;}]\" data-rule=\"MORFOLOGIK_RULE_ES\" data-word=\"Carmensa\">Carmensa<\/span>. <strong>La reciente tormenta de granizo afect\u00f3 significativamente sus cultivos, pero gracias a este subsidio podr\u00e1n adquirir los insumos necesarios para recuperarse.<\/strong><\/span><\/p>\n<p data-sourcepos=\"3:1-3:246\"><span style=\"color: #000000;\"><em><strong>\u201cHace dos a\u00f1os tuvimos dificultades para acceder a este tipo de ayudas, pero ahora el tr\u00e1mite es mucho m\u00e1s sencillo\u201d<\/strong><\/em>, se\u00f1al\u00f3 <span class=\"error misspelling\" title=\"Se ha encontrado un posible error ortogr\u00e1fico.\" data-type=\"misspelling\" data-suggestions=\"[{&quot;value&quot;:&quot;Enviarte&quot;},{&quot;value&quot;:&quot;Culparte&quot;},{&quot;value&quot;:&quot;Eulate&quot;},{&quot;value&quot;:&quot;Uriarte&quot;},{&quot;value&quot;:&quot;Aliarte&quot;},{&quot;value&quot;:&quot;Aullarte&quot;},{&quot;value&quot;:&quot;Culearte&quot;}]\" data-rule=\"MORFOLOGIK_RULE_ES\" data-word=\"Euliarte\">Euliarte<\/span>.<\/span><\/p>\n<p data-sourcepos=\"3:1-3:246\"><span style=\"color: #000000;\">Los productores beneficiarios deber\u00e1n presentar una rendici\u00f3n de cuentas en un plazo de 15 d\u00edas, detallando c\u00f3mo utilizaron los fondos recibidos. Esta medida garantiza que los subsidios se destinen efectivamente a la recuperaci\u00f3n de las producciones afectadas por la tormenta.<\/span><\/p>\n","protected":false},"excerpt":{"rendered":"<p>En una jornada de gran importancia para los productores agr\u00edcolas de San Pedro del Atuel, se llev\u00f3 a cabo la firma &#8230;<\/p>\n","protected":false},"author":7,"featured_media":144121,"comment_status":"open","ping_status":"open","sticky":false,"template":"","format":"standard","meta":{"footnotes":""},"categories":[1],"tags":[],"class_list":["post-144111","post","type-post","status-publish","format-standard","has-post-thumbnail","hentry","category-fmvinas"],"_links":{"self":[{"href":"https:\/\/vinasfm.com\/noticias\/wp-json\/wp\/v2\/posts\/144111","targetHints":{"allow":["GET"]}}],"collection":[{"href":"https:\/\/vinasfm.com\/noticias\/wp-json\/wp\/v2\/posts"}],"about":[{"href":"https:\/\/vinasfm.com\/noticias\/wp-json\/wp\/v2\/types\/post"}],"author":[{"embeddable":true,"href":"https:\/\/vinasfm.com\/noticias\/wp-json\/wp\/v2\/users\/7"}],"replies":[{"embeddable":true,"href":"https:\/\/vinasfm.com\/noticias\/wp-json\/wp\/v2\/comments?post=144111"}],"version-history":[{"count":4,"href":"https:\/\/vinasfm.com\/noticias\/wp-json\/wp\/v2\/posts\/144111\/revisions"}],"predecessor-version":[{"id":144130,"href":"https:\/\/vinasfm.com\/noticias\/wp-json\/wp\/v2\/posts\/144111\/revisions\/144130"}],"wp:featuredmedia":[{"embeddable":true,"href":"https:\/\/vinasfm.com\/noticias\/wp-json\/wp\/v2\/media\/144121"}],"wp:attachment":[{"href":"https:\/\/vinasfm.com\/noticias\/wp-json\/wp\/v2\/media?parent=144111"}],"wp:term":[{"taxonomy":"category","embeddable":true,"href":"https:\/\/vinasfm.com\/noticias\/wp-json\/wp\/v2\/categories?post=144111"},{"taxonomy":"post_tag","embeddable":true,"href":"https:\/\/vinasfm.com\/noticias\/wp-json\/wp\/v2\/tags?post=144111"}],"curies":[{"name":"wp","href":"https:\/\/api.w.org\/{rel}","templated":true}]}}