{"id":144109,"date":"2025-02-11T08:48:44","date_gmt":"2025-02-11T11:48:44","guid":{"rendered":"https:\/\/vinasfm.com\/noticias\/?p=144109"},"modified":"2025-02-11T21:42:55","modified_gmt":"2025-02-12T00:42:55","slug":"con-la-colaboracion-de-la-ciudadania-las-tareas-de-prevencion-de-incendios-dieron-resultado-este-fin-de-semana","status":"publish","type":"post","link":"https:\/\/vinasfm.com\/noticias\/con-la-colaboracion-de-la-ciudadania-las-tareas-de-prevencion-de-incendios-dieron-resultado-este-fin-de-semana\/","title":{"rendered":"CON LA COLABORACI\u00d3N DE LA CIUDADAN\u00cdA, LAS TAREAS DE PREVENCI\u00d3N DE INCENDIOS DIERON RESULTADO ESTE FIN DE SEMANA"},"content":{"rendered":"<h4><span style=\"color: #000000;\">Las acciones preventivas en la zona de Blanco Encalada, que incluyeron controles a veh\u00edculos y desarticulaci\u00f3n de pircas, contribuyeron a un fin de semana sin incidentes.<\/span><\/h4>\n<p><span style=\"color: #000000;\">Durante el fin de semana pasado, el operativo de prevenci\u00f3n de incendios implementado en Mendoza en respuesta al riesgo extremo de incendios por la ola de calor mostr\u00f3 buenos resultados.<\/span><\/p>\n<p><span style=\"color: #000000;\">El<em> coordinador del Plan Provincial de Manejo del Fuego<\/em>, <span style=\"color: #003366;\"><strong>Diego Mart\u00ed<\/strong><\/span>, destac\u00f3: <strong>\u201cSe reforz\u00f3 el personal de guardia y se realizaron tareas preventivas en toda la provincia, controlando aproximadamente 150 veh\u00edculos por d\u00eda y desarmando 25 pircas que se utilizaban para hacer fogones. Afortunadamente, no se labraron actas ni se registraron incendios\u201d.<\/strong><\/span><\/p>\n<p><span style=\"color: #000000;\">Este operativo fue parte de un plan m\u00e1s amplio del Gobierno provincial, que incluye <strong>vigilancia continua, patrullajes preventivos y multas de hasta $58 millones por encender fuego en zonas no autorizadas.<\/strong> La ola de calor que ha afectado la regi\u00f3n ha aumentado el riesgo de incendios forestales, como lo demuestran los 27 incendios registrados desde noviembre de 2024, en m\u00e1s de 18.000 hect\u00e1reas.<\/span><\/p>\n<p><img loading=\"lazy\" decoding=\"async\" class=\"\" src=\"https:\/\/www.mendoza.gov.ar\/wp-content\/uploads\/sites\/5\/2025\/02\/WhatsApp-Image-2025-02-10-at-14.50.43-2-700x933.jpeg\" width=\"200\" height=\"267\" \/> <img loading=\"lazy\" decoding=\"async\" class=\"\" src=\"https:\/\/www.mendoza.gov.ar\/wp-content\/uploads\/sites\/5\/2025\/02\/WhatsApp-Image-2025-02-10-at-14.50.42-700x933.jpeg\" width=\"200\" height=\"266\" \/> <img loading=\"lazy\" decoding=\"async\" class=\"\" src=\"https:\/\/www.mendoza.gov.ar\/wp-content\/uploads\/sites\/5\/2025\/02\/WhatsApp-Image-2025-02-10-at-14.50.42-2-700x933.jpeg\" width=\"199\" height=\"265\" \/><\/p>\n<p><span style=\"color: #000000;\"><strong>La importancia de continuar con la precauci\u00f3n<\/strong><\/span><\/p>\n<p><span style=\"color: #000000;\">La ola de calor incrementa el peligro de incendios debido a varios factores. <strong>Las altas temperaturas desecan la vegetaci\u00f3n, volvi\u00e9ndola m\u00e1s propensa al fue<\/strong>go. Adem\u00e1s, el calor de las llamas puede aumentar la temperatura de los combustibles cercanos y as\u00ed favorecer la r\u00e1pida propagaci\u00f3n del fuego.<\/span><\/p>\n<p><span style=\"color: #000000;\">Es fundamental mantener un cuidado extremo y seguir las recomendaciones para prevenir incendios:<\/span><\/p>\n<p><span style=\"color: #000000;\">\u2022 <em>No encender fuego en lugares no autorizados.<\/em><\/span><br \/>\n<em><span style=\"color: #000000;\">\u2022 No arrojar colillas de cigarrillos ni f\u00f3sforos encendidos en el campo o rutas.<\/span><\/em><br \/>\n<em><span style=\"color: #000000;\">\u2022 Evitar tirar basura, envases de vidrio o materiales inflamables en caminos y carreteras.<\/span><\/em><br \/>\n<em><span style=\"color: #000000;\">\u2022 Asegurarse de que todas las fogatas est\u00e9n completamente apagadas antes de abandonar un camping o quincho, utilizando agua en caso de ser necesario.<\/span><\/em><br \/>\n<em><span style=\"color: #000000;\">\u2022 Almacenar productos inflamables en lugares ventilados y seguros.<\/span><\/em><br \/>\n<em><span style=\"color: #000000;\">\u2022 Denunciar cualquier foco de incendio o actividad sospechosa al 911.<\/span><\/em><\/p>\n<p><span style=\"color: #000000;\">La Direcci\u00f3n de \u00c1reas Protegidas record\u00f3 que la mayor\u00eda de los incendios son causados por negligencia o intencionalidad humana.<strong> Las multas por encender fuego en lugares no permitidos o por no poseer las picadas cortafuegos en los campos <\/strong>-seg\u00fan la Resoluci\u00f3n 221\/18-<strong> llegan a $58 millones.<\/strong><\/span><\/p>\n<p><strong><span style=\"color: #000000;\">La colaboraci\u00f3n de la comunidad es esencial para evitar tragedias y proteger el ambiente. Mendoza enfrenta una situaci\u00f3n cr\u00edtica y cada acci\u00f3n cuenta para prevenir nuevos incendios.<\/span><\/strong><\/p>\n","protected":false},"excerpt":{"rendered":"<p>Las acciones preventivas en la zona de Blanco Encalada, que incluyeron controles a veh\u00edculos y desarticulaci\u00f3n de pircas, contribuyeron a un &#8230;<\/p>\n","protected":false},"author":7,"featured_media":144116,"comment_status":"open","ping_status":"open","sticky":false,"template":"","format":"standard","meta":{"footnotes":""},"categories":[51,10],"tags":[],"class_list":["post-144109","post","type-post","status-publish","format-standard","has-post-thumbnail","hentry","category-defensa-civil","category-destacadas"],"_links":{"self":[{"href":"https:\/\/vinasfm.com\/noticias\/wp-json\/wp\/v2\/posts\/144109","targetHints":{"allow":["GET"]}}],"collection":[{"href":"https:\/\/vinasfm.com\/noticias\/wp-json\/wp\/v2\/posts"}],"about":[{"href":"https:\/\/vinasfm.com\/noticias\/wp-json\/wp\/v2\/types\/post"}],"author":[{"embeddable":true,"href":"https:\/\/vinasfm.com\/noticias\/wp-json\/wp\/v2\/users\/7"}],"replies":[{"embeddable":true,"href":"https:\/\/vinasfm.com\/noticias\/wp-json\/wp\/v2\/comments?post=144109"}],"version-history":[{"count":1,"href":"https:\/\/vinasfm.com\/noticias\/wp-json\/wp\/v2\/posts\/144109\/revisions"}],"predecessor-version":[{"id":144110,"href":"https:\/\/vinasfm.com\/noticias\/wp-json\/wp\/v2\/posts\/144109\/revisions\/144110"}],"wp:featuredmedia":[{"embeddable":true,"href":"https:\/\/vinasfm.com\/noticias\/wp-json\/wp\/v2\/media\/144116"}],"wp:attachment":[{"href":"https:\/\/vinasfm.com\/noticias\/wp-json\/wp\/v2\/media?parent=144109"}],"wp:term":[{"taxonomy":"category","embeddable":true,"href":"https:\/\/vinasfm.com\/noticias\/wp-json\/wp\/v2\/categories?post=144109"},{"taxonomy":"post_tag","embeddable":true,"href":"https:\/\/vinasfm.com\/noticias\/wp-json\/wp\/v2\/tags?post=144109"}],"curies":[{"name":"wp","href":"https:\/\/api.w.org\/{rel}","templated":true}]}}