{"id":144092,"date":"2025-02-10T12:00:54","date_gmt":"2025-02-10T15:00:54","guid":{"rendered":"https:\/\/vinasfm.com\/noticias\/?p=144092"},"modified":"2025-02-11T10:49:25","modified_gmt":"2025-02-11T13:49:25","slug":"el-municipio-implementa-un-plan-de-alivio-fiscal-para-los-vecinos","status":"publish","type":"post","link":"https:\/\/vinasfm.com\/noticias\/el-municipio-implementa-un-plan-de-alivio-fiscal-para-los-vecinos\/","title":{"rendered":"EL MUNICIPIO IMPLEMENTA UN PLAN DE ALIVIO FISCAL PARA LOS VECINOS"},"content":{"rendered":"<h4 data-sourcepos=\"3:1-3:237\"><span style=\"color: #000000;\">En una medida que busca beneficiar a los contribuyentes y estimular la actividad econ\u00f3mica, la Municipalidad de General Alvear ha anunciado una serie de reducciones en las tasas municipales para el a\u00f1o 2025.<\/span><\/h4>\n<p data-sourcepos=\"5:1-5:263\"><span style=\"color: #000000;\">El <em>director de Rentas<\/em>, <span style=\"color: #003366;\"><strong>Nelson \u00c1lvarez<\/strong><\/span>, destac\u00f3 que \u00ab<strong>estamos comprometidos con aliviar la carga impositiva de nuestros vecinos. Por eso, hemos eliminado varios sellados y tasas para tr\u00e1mites habituales, como la solicitud de libre deuda o los cambios de domicilio\u00bb.<\/strong><\/span><\/p>\n<p data-sourcepos=\"7:1-7:24\"><span style=\"color: #000000;\"><strong>Entre las principales medidas destacan:<\/strong><\/span><\/p>\n<ul data-sourcepos=\"9:1-12:0\">\n<li data-sourcepos=\"9:1-9:233\"><span style=\"color: #000000;\"><strong>Exenci\u00f3n en aforos para nuevas construcciones:<\/strong> Los contribuyentes que construyan viviendas de hasta 70 metros cuadrados estar\u00e1n exentos del pago de aforos. Esta medida busca incentivar la construcci\u00f3n y el acceso a la vivienda.<\/span><\/li>\n<li data-sourcepos=\"10:1-10:292\"><span style=\"color: #000000;\"><strong>Regularizaci\u00f3n de construcciones no declaradas:<\/strong> Se ofrecer\u00e1 un beneficio especial a aquellos contribuyentes que declaren voluntariamente superficies construidas no declaradas de hasta 60 metros cuadrados. Estos contribuyentes recibir\u00e1n una quita del 100% de los aforos correspondientes.<\/span><\/li>\n<li data-sourcepos=\"11:1-12:0\"><span style=\"color: #000000;\"><strong>Descuentos por pago anual:<\/strong> Se mantienen los descuentos para aquellos contribuyentes que abonen la totalidad de las tasas municipales en una sola cuota antes del 28 de marzo.<\/span><\/li>\n<\/ul>\n<p data-sourcepos=\"13:1-13:212\"><span style=\"color: #000000;\"><em><strong>\u00abEs importante destacar que esta iniciativa no solo busca aliviar el bolsillo de los vecinos, sino tambi\u00e9n fomentar la regularizaci\u00f3n de la situaci\u00f3n fiscal y promover el desarrollo de la ciudad\u00bb<\/strong><\/em>, afirm\u00f3 \u00c1lvarez.<\/span><\/p>\n<p data-sourcepos=\"15:1-15:39\"><span style=\"color: #000000;\"><strong>Beneficios para los contribuyentes:<\/strong><\/span><\/p>\n<ul data-sourcepos=\"17:1-20:0\">\n<li data-sourcepos=\"17:1-17:126\"><span style=\"color: #000000;\"><strong>Reducci\u00f3n de costos:<\/strong> Las nuevas medidas permitir\u00e1n a los contribuyentes ahorrar dinero en tr\u00e1mites y pagos de impuestos.<\/span><\/li>\n<li data-sourcepos=\"18:1-18:112\"><span style=\"color: #000000;\"><strong>Simplificaci\u00f3n de tr\u00e1mites:<\/strong> La eliminaci\u00f3n de algunos sellados y tasas agilizar\u00e1 los tr\u00e1mites municipales.<\/span><\/li>\n<li data-sourcepos=\"19:1-20:0\"><span style=\"color: #000000;\"><strong>Incentivo a la construcci\u00f3n:<\/strong> La exenci\u00f3n de aforos en nuevas construcciones estimular\u00e1 la actividad constructiva y la generaci\u00f3n de empleo.<\/span><\/li>\n<\/ul>\n<p data-sourcepos=\"23:1-23:226\"><span style=\"color: #000000;\">El municipio invita a todos los vecinos a aprovechar estos beneficios y a regularizar su situaci\u00f3n fiscal. Se recomienda realizar el pago anual de las tasas antes del 28 de marzo para acceder a los descuentos correspondientes.<\/span><\/p>\n<p data-sourcepos=\"25:1-25:229\"><span style=\"color: #000000;\">Finalmente, Aldo \u00c1lvarez sostuvo que<strong>\u00a0\u00abse est\u00e1 trabajando para que General Alvear sea una ciudad m\u00e1s justa y equitativa, donde todos los vecinos puedan acceder a los servicios municipales de manera m\u00e1s accesible\u00bb.<\/strong><\/span><\/p>\n","protected":false},"excerpt":{"rendered":"<p>En una medida que busca beneficiar a los contribuyentes y estimular la actividad econ\u00f3mica, la Municipalidad de General Alvear ha anunciado &#8230;<\/p>\n","protected":false},"author":7,"featured_media":144093,"comment_status":"open","ping_status":"open","sticky":false,"template":"","format":"standard","meta":{"footnotes":""},"categories":[10,78],"tags":[],"class_list":["post-144092","post","type-post","status-publish","format-standard","has-post-thumbnail","hentry","category-destacadas","category-municipalidad"],"_links":{"self":[{"href":"https:\/\/vinasfm.com\/noticias\/wp-json\/wp\/v2\/posts\/144092","targetHints":{"allow":["GET"]}}],"collection":[{"href":"https:\/\/vinasfm.com\/noticias\/wp-json\/wp\/v2\/posts"}],"about":[{"href":"https:\/\/vinasfm.com\/noticias\/wp-json\/wp\/v2\/types\/post"}],"author":[{"embeddable":true,"href":"https:\/\/vinasfm.com\/noticias\/wp-json\/wp\/v2\/users\/7"}],"replies":[{"embeddable":true,"href":"https:\/\/vinasfm.com\/noticias\/wp-json\/wp\/v2\/comments?post=144092"}],"version-history":[{"count":2,"href":"https:\/\/vinasfm.com\/noticias\/wp-json\/wp\/v2\/posts\/144092\/revisions"}],"predecessor-version":[{"id":144105,"href":"https:\/\/vinasfm.com\/noticias\/wp-json\/wp\/v2\/posts\/144092\/revisions\/144105"}],"wp:featuredmedia":[{"embeddable":true,"href":"https:\/\/vinasfm.com\/noticias\/wp-json\/wp\/v2\/media\/144093"}],"wp:attachment":[{"href":"https:\/\/vinasfm.com\/noticias\/wp-json\/wp\/v2\/media?parent=144092"}],"wp:term":[{"taxonomy":"category","embeddable":true,"href":"https:\/\/vinasfm.com\/noticias\/wp-json\/wp\/v2\/categories?post=144092"},{"taxonomy":"post_tag","embeddable":true,"href":"https:\/\/vinasfm.com\/noticias\/wp-json\/wp\/v2\/tags?post=144092"}],"curies":[{"name":"wp","href":"https:\/\/api.w.org\/{rel}","templated":true}]}}