{"id":144078,"date":"2025-02-09T20:33:38","date_gmt":"2025-02-09T23:33:38","guid":{"rendered":"https:\/\/vinasfm.com\/noticias\/?p=144078"},"modified":"2025-02-11T10:53:12","modified_gmt":"2025-02-11T13:53:12","slug":"tragedia-en-villa-atuel-una-menor-perdio-la-vida-tras-ahogarse-en-un-canal","status":"publish","type":"post","link":"https:\/\/vinasfm.com\/noticias\/tragedia-en-villa-atuel-una-menor-perdio-la-vida-tras-ahogarse-en-un-canal\/","title":{"rendered":"TRAGEDIA EN VILLA ATUEL: UNA MENOR PERDI\u00d3 LA VIDA TRAS AHOGARSE EN UN CANAL"},"content":{"rendered":"<h4 data-sourcepos=\"3:1-3:174\">Una menor de 13 a\u00f1os perdi\u00f3 la vida tr\u00e1gicamente este domingo al mediod\u00eda luego de caer a un canal de riego en Villa Atuel.<\/h4>\n<p data-sourcepos=\"5:1-5:459\">Seg\u00fan informaron fuentes policiales, el hecho ocurri\u00f3 alrededor de las 15:15 horas cuando un llamado al 911 alert\u00f3 sobre una persona ahogada en el canal conocido como \u201cLos Sauces\u201d. <strong>R\u00e1pidamente, se desplaz\u00f3 una ambulancia al lugar, donde personal m\u00e9dico realiz\u00f3 maniobras de reanimaci\u00f3n cardiopulmonar a la menor, quien fue trasladada de urgencia al Hospital Enfermeros Argentinos de General Alvear.<\/strong> Lamentablemente, a pesar de los esfuerzos, la ni\u00f1a falleci\u00f3.<\/p>\n<p data-sourcepos=\"9:1-9:341\">Un testigo relat\u00f3 a la polic\u00eda que hab\u00eda visto a <strong>dos menores caminando junto al canal cuando una de ellas intent\u00f3 cruzar por una pasarela de cemento. Al resbalar, cay\u00f3 al agua y fue arrastrada por la corriente.<\/strong> Un t\u00edo de la v\u00edctima se arroj\u00f3 al agua para rescatarla y la sac\u00f3 del canal, iniciando inmediatamente las maniobras de reanimaci\u00f3n.<\/p>\n<p data-sourcepos=\"13:1-13:269\"><strong>Personal de la Polic\u00eda Cient\u00edfica se hizo presente en el lugar del hecho para realizar las pericias correspondientes y determinar las causas exactas del fallecimiento.<\/strong> El ayudante fiscal en turno, Dr. Castro, tom\u00f3 intervenci\u00f3n en el caso y dispuso las medidas de rigor.<\/p>\n","protected":false},"excerpt":{"rendered":"<p>Una menor de 13 a\u00f1os perdi\u00f3 la vida tr\u00e1gicamente este domingo al mediod\u00eda luego de caer a un canal de riego &#8230;<\/p>\n","protected":false},"author":7,"featured_media":135432,"comment_status":"open","ping_status":"open","sticky":false,"template":"","format":"standard","meta":{"footnotes":""},"categories":[10,4],"tags":[],"class_list":["post-144078","post","type-post","status-publish","format-standard","has-post-thumbnail","hentry","category-destacadas","category-policiales"],"_links":{"self":[{"href":"https:\/\/vinasfm.com\/noticias\/wp-json\/wp\/v2\/posts\/144078","targetHints":{"allow":["GET"]}}],"collection":[{"href":"https:\/\/vinasfm.com\/noticias\/wp-json\/wp\/v2\/posts"}],"about":[{"href":"https:\/\/vinasfm.com\/noticias\/wp-json\/wp\/v2\/types\/post"}],"author":[{"embeddable":true,"href":"https:\/\/vinasfm.com\/noticias\/wp-json\/wp\/v2\/users\/7"}],"replies":[{"embeddable":true,"href":"https:\/\/vinasfm.com\/noticias\/wp-json\/wp\/v2\/comments?post=144078"}],"version-history":[{"count":1,"href":"https:\/\/vinasfm.com\/noticias\/wp-json\/wp\/v2\/posts\/144078\/revisions"}],"predecessor-version":[{"id":144079,"href":"https:\/\/vinasfm.com\/noticias\/wp-json\/wp\/v2\/posts\/144078\/revisions\/144079"}],"wp:featuredmedia":[{"embeddable":true,"href":"https:\/\/vinasfm.com\/noticias\/wp-json\/wp\/v2\/media\/135432"}],"wp:attachment":[{"href":"https:\/\/vinasfm.com\/noticias\/wp-json\/wp\/v2\/media?parent=144078"}],"wp:term":[{"taxonomy":"category","embeddable":true,"href":"https:\/\/vinasfm.com\/noticias\/wp-json\/wp\/v2\/categories?post=144078"},{"taxonomy":"post_tag","embeddable":true,"href":"https:\/\/vinasfm.com\/noticias\/wp-json\/wp\/v2\/tags?post=144078"}],"curies":[{"name":"wp","href":"https:\/\/api.w.org\/{rel}","templated":true}]}}