{"id":144075,"date":"2025-02-08T10:49:16","date_gmt":"2025-02-08T13:49:16","guid":{"rendered":"https:\/\/vinasfm.com\/noticias\/?p=144075"},"modified":"2025-02-11T10:53:32","modified_gmt":"2025-02-11T13:53:32","slug":"ola-de-calor-cinco-datos-clave-para-cuidarnos-cuando-nos-exponemos-al-sol","status":"publish","type":"post","link":"https:\/\/vinasfm.com\/noticias\/ola-de-calor-cinco-datos-clave-para-cuidarnos-cuando-nos-exponemos-al-sol\/","title":{"rendered":"OLA DE CALOR: CINCO DATOS CLAVE PARA CUIDARNOS CUANDO NOS EXPONEMOS AL SOL"},"content":{"rendered":"<h4><span style=\"color: #000000;\">Ante la ola de calor que est\u00e1 afectando a la mayor\u00eda de las provincias argentinas, hay que tomar ciertas precauciones al exponerse al sol.<\/span><\/h4>\n<p><span style=\"color: #000000;\">El <strong>Ministerio de Salud<\/strong> y <strong>Deportes de Mendoza<\/strong> brinda recomendaciones para evitar da\u00f1os a la piel en esta ola de calor que afecta a todo el territorio provincial.<\/span><\/p>\n<p><span style=\"color: #000000;\">Los profesionales de la salud advierten que exponerse a la radiaci\u00f3n solar de manera excesiva no solo puede producir el envejecimiento temprano de la piel sino tambi\u00e9n generar varias enfermedades como cataratas, fotocarcinog\u00e9nesis y c\u00e1ncer de piel.<\/span><\/p>\n<p><span style=\"color: #000000;\">Desde la cartera sanitaria destacan que <strong><em>\u201cvarios estudios internacionales nos afirman que los c\u00e1nceres de piel est\u00e1n entre los tumores m\u00e1s frecuentes<\/em><\/strong>\u201d. Por eso, y para evitar problemas a la salud, el ministerio lanza cinco claves que debes saber a la hora de tomar sol y exponer tu piel.<\/span><\/p>\n<h2><span style=\"color: #000000;\"><strong>\u00bfA qu\u00e9 horario tomar sol?<\/strong><\/span><\/h2>\n<p><span style=\"color: #000000;\">En \u00e9pocas normales, se debe tomar sol por la ma\u00f1ana y despu\u00e9s de las 16. <strong>Pero, ante esta ola de calor y las altas temperaturas, la recomendaci\u00f3n es no exponerse al sol entre las 10 de la ma\u00f1ana y las 17.<\/strong> Por supuesto, es clave siempre cuidarse con protector solar.<\/span><\/p>\n<h2><span style=\"color: #000000;\"><strong>\u00bfQu\u00e9 protector solar hay que usar?<\/strong><\/span><\/h2>\n<p><span style=\"color: #000000;\">Los expertos aconsejan utilizar un protector con factor de protecci\u00f3n solar (FPS) de 30 como m\u00ednimo. <strong>Cuanto m\u00e1s elevado es el FPS, mayor es el nivel de protecci\u00f3n. Aunque la diferencia va siendo menor en los FPS de 30 o 50.<\/strong><\/span><\/p>\n<h2><span style=\"color: #000000;\"><strong>\u00bfCu\u00e1ndo y cu\u00e1nto protector solar debe ponerme?<\/strong><\/span><\/h2>\n<p><span style=\"color: #000000;\">Antes que nada, se debe colocar protector solar de FPS 30 o superior, de acuerdo con las necesidades, cada dos horas regularmente, o despu\u00e9s de meterse al mar o a la pileta. De todas formas, es importante que consultes al dermat\u00f3logo antes de decidir que protector vas a utilizar.<\/span><\/p>\n<h2><span style=\"color: #000000;\"><strong>\u00bfCu\u00e1nto liquido se debe consumir?<\/strong><\/span><\/h2>\n<p><span style=\"color: #000000;\">La hidrataci\u00f3n es fundamental no solo para el cuidado de la piel sino adem\u00e1s puedes evitar golpes de calor. Los profesionales de la salud recomiendan ingerir agua segura y no menos de 2 litros en el d\u00eda.<\/span><\/p>\n<h2><span style=\"color: #000000;\"><strong>\u00bfC\u00f3mo tomar sol de manera adecuada para recibir la dosis justa de vitamina D?<\/strong><\/span><\/h2>\n<p><span style=\"color: #000000;\">Si bien es verdad que para que nuestro organismo pueda sintetizar vitamina D es fundamental que reciba radiaci\u00f3n UVB, hoy se sabe que exponiendo peque\u00f1as partes del cuerpo, como la cara o los brazos, unas 3 veces por semana por no m\u00e1s de 10 o 15 minutos, ya es suficiente para que el cuerpo sintetice la vitamina D que necesita.<\/span><\/p>\n<p><span style=\"color: #000000;\">Desde el Ministerio de Salud y Deportes recomiendan no exponer directamente al sol a los ni\u00f1os menores de un a\u00f1o, ya que no tienen su sistema de protecci\u00f3n totalmente desarrollado. Por lo tanto, si van a estar al aire libre, es mejor que los beb\u00e9s no est\u00e9n en contacto directo con los rayos UV y que se les aplique pantalla solar.<\/span><\/p>\n","protected":false},"excerpt":{"rendered":"<p>Ante la ola de calor que est\u00e1 afectando a la mayor\u00eda de las provincias argentinas, hay que tomar ciertas precauciones al &#8230;<\/p>\n","protected":false},"author":7,"featured_media":144076,"comment_status":"open","ping_status":"open","sticky":false,"template":"","format":"standard","meta":{"footnotes":""},"categories":[17,15],"tags":[],"class_list":["post-144075","post","type-post","status-publish","format-standard","has-post-thumbnail","hentry","category-clima","category-salud"],"_links":{"self":[{"href":"https:\/\/vinasfm.com\/noticias\/wp-json\/wp\/v2\/posts\/144075","targetHints":{"allow":["GET"]}}],"collection":[{"href":"https:\/\/vinasfm.com\/noticias\/wp-json\/wp\/v2\/posts"}],"about":[{"href":"https:\/\/vinasfm.com\/noticias\/wp-json\/wp\/v2\/types\/post"}],"author":[{"embeddable":true,"href":"https:\/\/vinasfm.com\/noticias\/wp-json\/wp\/v2\/users\/7"}],"replies":[{"embeddable":true,"href":"https:\/\/vinasfm.com\/noticias\/wp-json\/wp\/v2\/comments?post=144075"}],"version-history":[{"count":1,"href":"https:\/\/vinasfm.com\/noticias\/wp-json\/wp\/v2\/posts\/144075\/revisions"}],"predecessor-version":[{"id":144077,"href":"https:\/\/vinasfm.com\/noticias\/wp-json\/wp\/v2\/posts\/144075\/revisions\/144077"}],"wp:featuredmedia":[{"embeddable":true,"href":"https:\/\/vinasfm.com\/noticias\/wp-json\/wp\/v2\/media\/144076"}],"wp:attachment":[{"href":"https:\/\/vinasfm.com\/noticias\/wp-json\/wp\/v2\/media?parent=144075"}],"wp:term":[{"taxonomy":"category","embeddable":true,"href":"https:\/\/vinasfm.com\/noticias\/wp-json\/wp\/v2\/categories?post=144075"},{"taxonomy":"post_tag","embeddable":true,"href":"https:\/\/vinasfm.com\/noticias\/wp-json\/wp\/v2\/tags?post=144075"}],"curies":[{"name":"wp","href":"https:\/\/api.w.org\/{rel}","templated":true}]}}