{"id":144066,"date":"2025-02-08T10:39:26","date_gmt":"2025-02-08T13:39:26","guid":{"rendered":"https:\/\/vinasfm.com\/noticias\/?p=144066"},"modified":"2025-02-11T10:53:55","modified_gmt":"2025-02-11T13:53:55","slug":"el-grupo-libertador-de-general-alvear-aplaude-la-eliminacion-de-las-paso","status":"publish","type":"post","link":"https:\/\/vinasfm.com\/noticias\/el-grupo-libertador-de-general-alvear-aplaude-la-eliminacion-de-las-paso\/","title":{"rendered":"EL GRUPO LIBERTADOR DE GENERAL ALVEAR APLAUDE LA ELIMINACI\u00d3N DE LAS PASO"},"content":{"rendered":"<h4><span style=\"color: #000000;\">El Grupo Libertador de General Alvear ha expresado su firme posici\u00f3n a favor de la eliminaci\u00f3n de las Primarias, Abiertas, Simult\u00e1neas y Obligatorias (PASO), argumentando que se trata de un sistema electoral que no ha logrado ordenar la pol\u00edtica y, en cambio, ha incrementado significativamente el gasto estatal.<\/span><\/h4>\n<p><span style=\"color: #000000;\">En un comunicado reciente, el grupo se\u00f1ala que \u00ab<em><strong>Hace tiempo que los integrantes del Grupo Libertador de General Alvear insistimos con dar fin al inf\u00e9rtil y costoso r\u00e9gimen de las PASO\u00bb.<\/strong><\/em> Celebran la media sanci\u00f3n obtenida en la <strong>C\u00e1mara de Diputados de la Naci\u00f3n<\/strong> para la suspensi\u00f3n de estas elecciones, y apoyan la solicitud similar realizada por la <strong>Juventud del Partido Dem\u00f3crata de Mendoza.<\/strong><\/span><\/p>\n<p><span style=\"color: #000000;\">El grupo argumenta que la sociedad argentina tiene actualmente otras prioridades y critica a los responsables pol\u00edticos por no escuchar las demandas ciudadanas.<em><strong> \u00ab\u00bfEn qu\u00e9 idioma nos tiene que hablar el votante? NO QUIEREN IR REITERADAS VECES A LAS URNAS A PERDER EL TIEMPO!\u00bb<\/strong><\/em>, expresaron en su declaraci\u00f3n.<\/span><\/p>\n<p><span style=\"color: #000000;\">Adem\u00e1s, condenan el <em><strong>\u00abvergonzoso despilfarro\u00bb<\/strong><\/em> asociado con el desdoblamiento de elecciones y las PASO, sugiriendo que esos recursos deber\u00edan ser destinados a mejorar la salud, la seguridad, la educaci\u00f3n y las econom\u00edas regionales del pa\u00eds.<\/span><\/p>\n<p><span style=\"color: #000000;\">El Grupo Libertador concluye su comunicado haciendo un llamado a la coherencia entre el decir y el hacer, y a la necesidad de un gesto pol\u00edtico maduro y razonable que se enfoque en construir pol\u00edticas por y para el pueblo, debatiendo de manera sana y con altura. <strong>\u00abParen con la maquinaria kiosquera, es hora de ponerse a trabajar para la gente\u00bb<\/strong>, finalizan.<\/span><\/p>\n<h2><span style=\"color: #000000;\">EL COMUNICADO<\/span><\/h2>\n<hr \/>\n<p><span style=\"color: #000000;\"><em><b>En pos de simplificar el sistema electoral y optimizar los recursos del <\/b><\/em><\/span><\/p>\n<p><span style=\"color: #000000;\"><em><b>Estado Provincial, hay que eliminar las PASO <\/b><\/em><\/span><\/p>\n<p><span style=\"color: #000000;\"><em>Hace tiempo que los integrantes del <b>Grupo Libertador de General Alvear <\/b>insistimos con dar fin al infertil y costoso r\u00e9gimen de las PASO. Convencidos de que durante su aplicaci\u00f3n no se orden\u00f3 para NADA la pol\u00edtica, sino m\u00e1s bien se aument\u00f3 millonariamente el gasto de\u00a0 los recursos del estado, celebramos la media sanci\u00f3n obtenida por el proyecto que suspende las <b>Primarias, Abiertas, Simult\u00e1neas y Obligatorias, <\/b>en la C\u00e1mara de Diputados de la Naci\u00f3n. As\u00ed mismo acompa\u00f1amos coherentemente la solicitud de la Juventud del Partido Dem\u00f3crata de Mendoza.<\/em><\/span><\/p>\n<p><span style=\"color: #000000;\"><em>Hoy la sociedad tiene otras prioridades y quienes tienen la responsabilidad de velar por el bienestar de la ciudadania contin\u00faan con los o\u00eddos tapados. \u00bfEn que idioma nos tiene que hablar el votante? <b>NO QUIEREN IR REITERADAS VECES A LAS URNAS A PERDER EL <\/b><b>TIEMPO! <\/b><\/em><\/span><\/p>\n<p><span style=\"color: #000000;\"><em>El vergonzoso despilfarro que se hace con el desdoblamiento de elecciones y las Paso se tiene que destinar a pol\u00edticas efectivas que mejoren la <b>salud, la seguridad, la educaci\u00f3n <\/b><b>y las econom\u00edas regionales del pa\u00eds <\/b><\/em><\/span><\/p>\n<p><span style=\"color: #000000;\"><em>Nos llenamos la boca hablando de transparencia y ocultamos con estos sistemas de elecciones los m\u00e1s sucios intereses y conveniencias. Si verdaderamente se aspira a mejorar la calidad de vida de los argentinos es propicio que en la Legislatura Mendocina se le d\u00e9 tratamiento al proyecto de ley (Exp. 83407) presentado por el bloque del PD en 2023, en la Honorable C\u00e1mara de Diputados de Mendoza, mediante el cual se propone la eliminaci\u00f3n de las PASO y la unificaci\u00f3n de las elecciones nacionales y provinciales.<\/em><\/span><\/p>\n<p><span style=\"color: #000000;\"><em>Se ha desgastado el v\u00ednculo con la sociedad y la conecci\u00f3n con la realidad que \u00e9sta vive.<\/em><\/span><\/p>\n<p><span style=\"color: #000000;\"><em>Seamos coherentes con nuestro decir y accionar. Nos est\u00e1n pidiendo un gesto maduro y razonable. Desde este espacio abrazamos la pol\u00edtica que construye por y para el pueblo, que debate sanamente y con altura. Paren con la maquinista kiosquera es hora de ponerse a trabajar para la gente!<\/em><\/span><\/p>\n","protected":false},"excerpt":{"rendered":"<p>El Grupo Libertador de General Alvear ha expresado su firme posici\u00f3n a favor de la eliminaci\u00f3n de las Primarias, Abiertas, Simult\u00e1neas &#8230;<\/p>\n","protected":false},"author":7,"featured_media":144070,"comment_status":"open","ping_status":"open","sticky":false,"template":"","format":"standard","meta":{"footnotes":""},"categories":[23,7],"tags":[],"class_list":["post-144066","post","type-post","status-publish","format-standard","has-post-thumbnail","hentry","category-elecciones","category-politica"],"_links":{"self":[{"href":"https:\/\/vinasfm.com\/noticias\/wp-json\/wp\/v2\/posts\/144066","targetHints":{"allow":["GET"]}}],"collection":[{"href":"https:\/\/vinasfm.com\/noticias\/wp-json\/wp\/v2\/posts"}],"about":[{"href":"https:\/\/vinasfm.com\/noticias\/wp-json\/wp\/v2\/types\/post"}],"author":[{"embeddable":true,"href":"https:\/\/vinasfm.com\/noticias\/wp-json\/wp\/v2\/users\/7"}],"replies":[{"embeddable":true,"href":"https:\/\/vinasfm.com\/noticias\/wp-json\/wp\/v2\/comments?post=144066"}],"version-history":[{"count":3,"href":"https:\/\/vinasfm.com\/noticias\/wp-json\/wp\/v2\/posts\/144066\/revisions"}],"predecessor-version":[{"id":144071,"href":"https:\/\/vinasfm.com\/noticias\/wp-json\/wp\/v2\/posts\/144066\/revisions\/144071"}],"wp:featuredmedia":[{"embeddable":true,"href":"https:\/\/vinasfm.com\/noticias\/wp-json\/wp\/v2\/media\/144070"}],"wp:attachment":[{"href":"https:\/\/vinasfm.com\/noticias\/wp-json\/wp\/v2\/media?parent=144066"}],"wp:term":[{"taxonomy":"category","embeddable":true,"href":"https:\/\/vinasfm.com\/noticias\/wp-json\/wp\/v2\/categories?post=144066"},{"taxonomy":"post_tag","embeddable":true,"href":"https:\/\/vinasfm.com\/noticias\/wp-json\/wp\/v2\/tags?post=144066"}],"curies":[{"name":"wp","href":"https:\/\/api.w.org\/{rel}","templated":true}]}}