{"id":144038,"date":"2025-02-07T11:21:06","date_gmt":"2025-02-07T14:21:06","guid":{"rendered":"https:\/\/vinasfm.com\/noticias\/?p=144038"},"modified":"2025-02-07T11:21:06","modified_gmt":"2025-02-07T14:21:06","slug":"peatonales-del-arte-y-carnaval-en-general-alvear-una-agenda-cultural-imperdible","status":"publish","type":"post","link":"https:\/\/vinasfm.com\/noticias\/peatonales-del-arte-y-carnaval-en-general-alvear-una-agenda-cultural-imperdible\/","title":{"rendered":"PEATONALES DEL ARTE Y CARNAVAL EN GENERAL ALVEAR: UNA AGENDA CULTURAL IMPERDIBLE"},"content":{"rendered":"<h4 data-sourcepos=\"3:1-3:285\"><span style=\"color: #000000;\">La directora de Cultura, Mar\u00eda Delia Achetoni, anunci\u00f3 una serie de eventos culturales que se llevar\u00e1n a cabo en General Alvear durante los pr\u00f3ximos meses. Entre ellos, se destacan las tradicionales Peatonales del Arte, la celebraci\u00f3n del Carnaval y la reapertura del teatro municipal.<\/span><\/h4>\n<p data-sourcepos=\"7:1-7:272\"><span style=\"color: #000000;\">Como cada verano, vuelven las <em>Peatonales del Arte<\/em> a General Alvear. Cinco escenarios ubicados a lo largo de la avenida principal, desde el Paseo Gastron\u00f3mico hasta la Plaza Carlos Mar\u00eda de Alvear, <strong>ofrecer\u00e1n espect\u00e1culos musicales de diversos g\u00e9neros, exposiciones de arte y propuestas teatrales.<\/strong><\/span><\/p>\n<p data-sourcepos=\"9:1-9:204\"><span style=\"color: #000000;\"><strong><em>\u00abInvitamos a la gente a que se arrime a disfrutar a partir de las 9 de la noche, para disfrutar un domingo distinto, diferente, en familia, para conocer y ver a los diferentes artistas\u00bb<\/em><\/strong>, expres\u00f3 Achetoni.<\/span><\/p>\n<p data-sourcepos=\"11:1-11:209\"><span style=\"color: #000000;\">La propuesta es libre y gratuita, y los asistentes pueden llevar sus propias reposeras para disfrutar de los espect\u00e1culos al aire libre. Adem\u00e1s, habr\u00e1 una variada oferta gastron\u00f3mica para acompa\u00f1ar la jornada.<\/span><\/p>\n<p data-sourcepos=\"13:1-13:244\"><span style=\"color: #000000;\"><strong><em>\u00abLa expectativa es muy alta porque a la gente le ha gustado, ha respondido siempre y nos acompa\u00f1a. Los d\u00edas vienen espectaculares para que puedan disfrutar del aire libre y la gente quiere\u00bb<\/em><\/strong>, agreg\u00f3 la directora de Cultura.<\/span><\/p>\n<p data-sourcepos=\"13:1-13:244\"><a href=\"https:\/\/vinasfm.com\/noticias\/wp-content\/uploads\/2025\/02\/images-1-1.jpg\"><img loading=\"lazy\" decoding=\"async\" class=\"alignnone wp-image-144042 size-full\" src=\"https:\/\/vinasfm.com\/noticias\/wp-content\/uploads\/2025\/02\/images-1-1.jpg\" alt=\"\" width=\"209\" height=\"242\" \/><\/a><\/p>\n<h6 data-sourcepos=\"13:1-13:244\">Peatonal del Arte, General Alvear.<\/h6>\n<p data-sourcepos=\"13:1-13:244\">\n<p data-sourcepos=\"17:1-17:177\"><span style=\"color: #000000;\"><em><strong>El domingo 2 de marzo, General Alvear se vestir\u00e1 de fiesta para celebrar el Carnaval.<\/strong><\/em> Achetoni anticip\u00f3 que ser\u00e1 un evento a nivel nacional con muchas sorpresas para el p\u00fablico.<\/span><\/p>\n<p data-sourcepos=\"19:1-19:210\"><span style=\"color: #000000;\"><strong><em>\u00abHay muchas sorpresas hermosas para que todos disfrutemos, Alvear ser\u00e1 una fiesta carnavalera\u00bb<\/em><\/strong>, afirm\u00f3.<\/span><\/p>\n<p data-sourcepos=\"23:1-23:230\"><span style=\"color: #000000;\">El 24 de abril, el teatro municipal de General Alvear reabrir\u00e1 sus puertas con la presentaci\u00f3n de la obra <em>\u00abMentiras\u00bb<\/em>, protagonizada por <span style=\"color: #003366;\"><strong>Gonzalo Heredia<\/strong><\/span> y <span style=\"color: #003366;\"><strong>Eleonora Wexler<\/strong><\/span>. Las entradas ya est\u00e1n a la venta y se espera una gran convocatoria.<\/span><\/p>\n<p data-sourcepos=\"25:1-25:82\"><span style=\"color: #000000;\"><em><strong>\u00abYa pueden ir a disfrutar del teatro que viene a General Alvear\u00bb<\/strong><\/em>, invit\u00f3 Achetoni.<\/span><\/p>\n<p data-sourcepos=\"27:1-27:138\"><span style=\"color: #000000;\">Con esta variada agenda cultural, General Alvear se prepara para un verano y un oto\u00f1o llenos de arte y celebraciones para toda la familia.<\/span><\/p>\n","protected":false},"excerpt":{"rendered":"<p>La directora de Cultura, Mar\u00eda Delia Achetoni, anunci\u00f3 una serie de eventos culturales que se llevar\u00e1n a cabo en General Alvear &#8230;<\/p>\n","protected":false},"author":7,"featured_media":144041,"comment_status":"open","ping_status":"open","sticky":false,"template":"","format":"standard","meta":{"footnotes":""},"categories":[1],"tags":[],"class_list":["post-144038","post","type-post","status-publish","format-standard","has-post-thumbnail","hentry","category-fmvinas"],"_links":{"self":[{"href":"https:\/\/vinasfm.com\/noticias\/wp-json\/wp\/v2\/posts\/144038","targetHints":{"allow":["GET"]}}],"collection":[{"href":"https:\/\/vinasfm.com\/noticias\/wp-json\/wp\/v2\/posts"}],"about":[{"href":"https:\/\/vinasfm.com\/noticias\/wp-json\/wp\/v2\/types\/post"}],"author":[{"embeddable":true,"href":"https:\/\/vinasfm.com\/noticias\/wp-json\/wp\/v2\/users\/7"}],"replies":[{"embeddable":true,"href":"https:\/\/vinasfm.com\/noticias\/wp-json\/wp\/v2\/comments?post=144038"}],"version-history":[{"count":3,"href":"https:\/\/vinasfm.com\/noticias\/wp-json\/wp\/v2\/posts\/144038\/revisions"}],"predecessor-version":[{"id":144044,"href":"https:\/\/vinasfm.com\/noticias\/wp-json\/wp\/v2\/posts\/144038\/revisions\/144044"}],"wp:featuredmedia":[{"embeddable":true,"href":"https:\/\/vinasfm.com\/noticias\/wp-json\/wp\/v2\/media\/144041"}],"wp:attachment":[{"href":"https:\/\/vinasfm.com\/noticias\/wp-json\/wp\/v2\/media?parent=144038"}],"wp:term":[{"taxonomy":"category","embeddable":true,"href":"https:\/\/vinasfm.com\/noticias\/wp-json\/wp\/v2\/categories?post=144038"},{"taxonomy":"post_tag","embeddable":true,"href":"https:\/\/vinasfm.com\/noticias\/wp-json\/wp\/v2\/tags?post=144038"}],"curies":[{"name":"wp","href":"https:\/\/api.w.org\/{rel}","templated":true}]}}