{"id":144023,"date":"2025-02-07T09:59:13","date_gmt":"2025-02-07T12:59:13","guid":{"rendered":"https:\/\/vinasfm.com\/noticias\/?p=144023"},"modified":"2025-02-07T09:59:13","modified_gmt":"2025-02-07T12:59:13","slug":"aumento-un-3-la-tarifa-de-la-luz-en-mendoza-los-motivos-del-ajuste","status":"publish","type":"post","link":"https:\/\/vinasfm.com\/noticias\/aumento-un-3-la-tarifa-de-la-luz-en-mendoza-los-motivos-del-ajuste\/","title":{"rendered":"AUMENT\u00d3 UN 3% LA TARIFA DE LA LUZ EN MENDOZA: LOS MOTIVOS DEL AJUSTE"},"content":{"rendered":"<h4><span style=\"color: #000000;\">Se trata de una actualizaci\u00f3n que rige por los consumos registrados desde el inicio de este mes. Cu\u00e1nto m\u00e1s se pagar\u00e1 en promedio.<\/span><\/h4>\n<p><span style=\"color: #000000;\">A partir de febrero la tarifa el\u00e9ctrica en Mendoza volvi\u00f3 a actualizarse, seg\u00fan comunic\u00f3 el<strong> Ente Provincial Regulador El\u00e9ctrico<\/strong> <em>(EPRE)<\/em>. La variaci\u00f3n promedio es del orden del 3% y rige a partir de los consumos registrados desde el inicio de este mes.<\/span><\/p>\n<p><span style=\"color: #000000;\"><em>\u201cLa medida surge por los nuevos\u00a0<strong>precios estacionales\u00a0<\/strong>dispuestos por la\u00a0<strong>Secretar\u00eda de Energ\u00eda de la Naci\u00f3n<\/strong>, el esquema de reducci\u00f3n de subsidios nacionales y por la actualizaci\u00f3n trimestral del\u00a0<strong>Valor Agregado de Distribuci\u00f3n<\/strong>\u201c<\/em>, confirm\u00f3 el EPRE este viernes.<\/span><\/p>\n<p><span style=\"color: #000000;\">La Secretar\u00eda de Energ\u00eda de la Naci\u00f3n fij\u00f3 los nuevos precios trimestrales, correspondientes al periodo comprendido entre el 1 de febrero al 31 de abril de 2025, a trav\u00e9s de las Resoluciones 26\/2025 y 36\/2025.<\/span><\/p>\n<aside class=\"scaip scaip-1    \"><\/aside>\n<p><span style=\"color: #000000;\">Esta medida, adem\u00e1s estableci\u00f3 una reducci\u00f3n gradual del subsidio, conforme lo establecido en Resoluci\u00f3n 36\/2025 de la Secretar\u00eda de Energ\u00eda de la Naci\u00f3n,\u00a0<strong>del orden del 1% mensual a partir de febrero para los usuarios categorizados en Nivel 2 y 3<\/strong>.<\/span><\/p>\n<p><span style=\"color: #000000;\">Para los usuarios categorizados en Nivel 2 contin\u00faa el tope de consumo subsidiado hasta los 700 kWh\/Bimestrales (350kWh\/mes) y para los usuarios categorizados en Nivel 3, el tope es hasta los 500 kWh\/bimestrales (250 kWh\/mes).\u00a0<strong>El consumo excedente se abona al precio del Nivel 1<\/strong>.<\/span><\/p>\n<p><span style=\"color: #000000;\">Por otro lado, se actualizar\u00e1 el Valor Agregado de Distribuci\u00f3n (<strong>VAD<\/strong>) el otro componente de la\u00a0<strong>tarifa de energ\u00eda el\u00e9ctrica\u00a0<\/strong>de jurisdicci\u00f3n provincial, de acuerdo con el Decreto 1680\/2024. Esta adecuaci\u00f3n del VAD surge de las variaciones econ\u00f3micas de las estructuras de costos de las distribuidoras y tiene como objeto, acompa\u00f1ar la variaci\u00f3n de precios de la econom\u00eda, los que var\u00edan como consecuencia de la inflaci\u00f3n.<\/span><\/p>\n<aside class=\"scaip scaip-2    \"><\/aside>\n<p><span style=\"color: #000000;\">Asimismo, estas revisiones van en concordancia con las actualizaciones trimestrales de los precios estacionales que efect\u00faa la\u00a0<strong>Secretar\u00eda de Energ\u00eda de la Naci\u00f3n<\/strong>.<\/span><\/p>\n<p><span style=\"color: #000000;\">En este marco, el\u00a0<strong>impacto promedio en Tarifa a Usuario Final (costo de abastecimiento + VAD) con impuestos, para el mes de febrero es del orden del 3%,\u00a0<\/strong>de acuerdo con el consumo del usuario y su categor\u00eda tarifaria.<\/span><\/p>\n<p><span style=\"color: #000000;\">El Impacto promedio para los\u00a0<strong>Usuarios Residenciales<\/strong>\u00a0es:<\/span><\/p>\n<aside class=\"scaip scaip-3    \"><\/aside>\n<ul class=\"wp-block-list\">\n<li><span style=\"color: #000000;\">Residenciales\u00a0<strong>T1R1\u00a0<\/strong>(hasta 299kWh bimestrales) en promedio $ 1.200 mensuales<\/span><\/li>\n<\/ul>\n<ul class=\"wp-block-list\">\n<li><span style=\"color: #000000;\">Residenciales\u00a0<strong>T1R2\u00a0<\/strong>(desde 300 a 599kWh bimestrales) en promedio $ 2.600 mensuales<\/span><\/li>\n<\/ul>\n<ul class=\"wp-block-list\">\n<li><span style=\"color: #000000;\">Residenciales\u00a0<strong>T1R3\u00a0<\/strong>(mayores a 600kWh bimestrales) en promedio $ 8.100 mensuales<\/span><\/li>\n<\/ul>\n<p><span style=\"color: #000000;\">Mientras el\u00a0<strong>EPRE\u00a0<\/strong>espera una resoluci\u00f3n nacional para saber si se mantendr\u00e1n o no los subsidios en febrero, el registro de acceso a estos beneficios sigue abierto.<\/span><\/p>\n<p><span style=\"color: #000000;\">Los interesados deber\u00e1n ingresar al siguiente sitio Web:\u00a0<a href=\"http:\/\/www.argentina.gob.ar\/subsidios\"><strong>www.argentina.gob.ar\/subsidios<\/strong><\/a>\u00a0\u00a0o mediante el sitio web del EPRE<\/span>\u00a0<strong><a href=\"https:\/\/epremendoza.gob.ar\/segmentacion-tarifaria\/\">https:\/\/epremendoza.gob.ar\/segmentacion-tarifaria\/<\/a><\/strong>\u00a0<span style=\"color: #000000;\">y completar el formulario.<\/span><\/p>\n","protected":false},"excerpt":{"rendered":"<p>Se trata de una actualizaci\u00f3n que rige por los consumos registrados desde el inicio de este mes. Cu\u00e1nto m\u00e1s se pagar\u00e1 &#8230;<\/p>\n","protected":false},"author":7,"featured_media":144024,"comment_status":"open","ping_status":"open","sticky":false,"template":"","format":"standard","meta":{"footnotes":""},"categories":[1],"tags":[],"class_list":["post-144023","post","type-post","status-publish","format-standard","has-post-thumbnail","hentry","category-fmvinas"],"_links":{"self":[{"href":"https:\/\/vinasfm.com\/noticias\/wp-json\/wp\/v2\/posts\/144023","targetHints":{"allow":["GET"]}}],"collection":[{"href":"https:\/\/vinasfm.com\/noticias\/wp-json\/wp\/v2\/posts"}],"about":[{"href":"https:\/\/vinasfm.com\/noticias\/wp-json\/wp\/v2\/types\/post"}],"author":[{"embeddable":true,"href":"https:\/\/vinasfm.com\/noticias\/wp-json\/wp\/v2\/users\/7"}],"replies":[{"embeddable":true,"href":"https:\/\/vinasfm.com\/noticias\/wp-json\/wp\/v2\/comments?post=144023"}],"version-history":[{"count":2,"href":"https:\/\/vinasfm.com\/noticias\/wp-json\/wp\/v2\/posts\/144023\/revisions"}],"predecessor-version":[{"id":144026,"href":"https:\/\/vinasfm.com\/noticias\/wp-json\/wp\/v2\/posts\/144023\/revisions\/144026"}],"wp:featuredmedia":[{"embeddable":true,"href":"https:\/\/vinasfm.com\/noticias\/wp-json\/wp\/v2\/media\/144024"}],"wp:attachment":[{"href":"https:\/\/vinasfm.com\/noticias\/wp-json\/wp\/v2\/media?parent=144023"}],"wp:term":[{"taxonomy":"category","embeddable":true,"href":"https:\/\/vinasfm.com\/noticias\/wp-json\/wp\/v2\/categories?post=144023"},{"taxonomy":"post_tag","embeddable":true,"href":"https:\/\/vinasfm.com\/noticias\/wp-json\/wp\/v2\/tags?post=144023"}],"curies":[{"name":"wp","href":"https:\/\/api.w.org\/{rel}","templated":true}]}}