{"id":144018,"date":"2025-02-07T09:55:05","date_gmt":"2025-02-07T12:55:05","guid":{"rendered":"https:\/\/vinasfm.com\/noticias\/?p=144018"},"modified":"2025-02-07T09:55:05","modified_gmt":"2025-02-07T12:55:05","slug":"el-piloto-luis-giorlando-analiza-los-avances-y-oparaciones-de-la-nueva-lucha-antigranizo","status":"publish","type":"post","link":"https:\/\/vinasfm.com\/noticias\/el-piloto-luis-giorlando-analiza-los-avances-y-oparaciones-de-la-nueva-lucha-antigranizo\/","title":{"rendered":"EL PILOTO LUIS GIORLANDO ANALIZA LOS AVANCES Y OPARACIONES DE LA NUEVA LUCHA ANTIGRANIZO"},"content":{"rendered":"<h4><span style=\"color: #000000;\">Se trata de un piloto con gran experiencia en la Lucha Antigranizo, trabajando con la gesti\u00f3n anterios, que brind\u00f3 informaci\u00f3n sobre los avances de la nueva firma y los esaf\u00edos a enfrentar.<\/span><\/h4>\n<p><span style=\"color: #000000;\">Las tormentas de granizo han representado durante mucho tiempo una amenaza importante para el pr\u00f3spero sector agr\u00edcola de Mendoza. En un esfuerzo por mitigar el da\u00f1o causado por estos fen\u00f3menos meteorol\u00f3gicos destructivos, el Oasis Sur ha implementado un nuevo programa de siembra de nubes que utiliza tecnolog\u00eda de \u00faltima generaci\u00f3n, a cargo de Wather Modification.<\/span><\/p>\n<p><span style=\"color: #000000;\"><span style=\"color: #003366;\"><strong>Luis Giorlando<\/strong><\/span> explic\u00f3 que las nuevas aeronaves y equipos ofrecen capacidades significativamente mejoradas en comparaci\u00f3n con el sistema anterior. <em><strong>\u00abEstos aviones pueden volar m\u00e1s alto, m\u00e1s r\u00e1pido y con mayor precisi\u00f3n\u00bb<\/strong><\/em>, dijo. <em><strong>\u00abEst\u00e1n dise\u00f1ados espec\u00edficamente para hacer frente a las tormentas severas que son comunes en nuestra regi\u00f3n\u00bb.<\/strong><\/em> Adem\u00e1s, el nuevo material de siembra es de mayor calidad y m\u00e1s eficaz para reducir el tama\u00f1o del granizo.<\/span><\/p>\n<p><span style=\"color: #000000;\">El piloto tambi\u00e9n comparti\u00f3 su amplia experiencia trabajando con los sistemas antiguos y nuevos. <em><strong>\u00abHemos podido combinar lo mejor de ambos mundos\u00bb<\/strong><\/em>, se\u00f1al\u00f3 Giorlando. <em><strong>\u00abAl aprovechar nuestro conocimiento y experiencia local con la tecnolog\u00eda avanzada proporcionada por la nueva empresa, estamos logrando mejores resultados\u00bb.<\/strong><\/em><\/span><\/p>\n<p><span style=\"color: #000000;\">Sin embargo, reconoci\u00f3 que la siembra de nubes es un proceso complejo y que a\u00fan quedan desaf\u00edos.<strong><em> \u00abLa imprevisibilidad de las tormentas es un factor constante\u00bb<\/em><\/strong>, dijo. <strong><em>\u00abA veces, incluso con la tecnolog\u00eda m\u00e1s avanzada, es dif\u00edcil prevenir da\u00f1os significativos\u00bb.<\/em> <\/strong>Giorlando tambi\u00e9n analiz\u00f3 la importancia de tomar decisiones oportunas basadas en datos de radar en tiempo real.<\/span><\/p>\n<p><span style=\"color: #000000;\">Wather Modification, la empresa que est\u00e1 detr\u00e1s de la nueva tecnolog\u00eda ,afirma que puede reducir los da\u00f1os causados \u200b\u200bpor el granizo hasta en un 45%. Si bien Giorlando cree que el sistema es prometedor, advirti\u00f3 que es demasiado pronto para sacar conclusiones definitivas. <strong><em>\u00abEstamos monitoreando de cerca los resultados y haciendo los ajustes necesarios\u00bb<\/em><\/strong>, dijo.<\/span><\/p>\n<p><span style=\"color: #000000;\">La decisi\u00f3n de adoptar esta nueva tecnolog\u00eda no ha estado exenta de controversia. Algunos cr\u00edticos argumentan que la siembra de nubes es ineficaz y un desperdicio de recursos. Sin embargo, Giorlando enfatiz\u00f3 la importancia de la evidencia cient\u00edfica y las observaciones de primera mano. <strong><em>\u00abHe visto de primera mano el impacto positivo de la siembra de nubes en nuestro sector agr\u00edcola<\/em><\/strong>\u00ab, afirm\u00f3.<\/span><\/p>\n<p><span style=\"color: #000000;\"><strong>Mientras Mendoza<\/strong> sigue afrontando los desaf\u00edos que plantea el cambio clim\u00e1tico, el nuevo programa de siembra de nubes ofrece un rayo de esperanza para los agricultores. <strong>Al combinar tecnolog\u00eda avanzada con experiencia local, la provincia est\u00e1 tomando medidas importantes para proteger sus valiosos recursos agr\u00edcolas.<\/strong><\/span><\/p>\n","protected":false},"excerpt":{"rendered":"<p>Se trata de un piloto con gran experiencia en la Lucha Antigranizo, trabajando con la gesti\u00f3n anterios, que brind\u00f3 informaci\u00f3n sobre &#8230;<\/p>\n","protected":false},"author":7,"featured_media":144021,"comment_status":"open","ping_status":"open","sticky":false,"template":"","format":"standard","meta":{"footnotes":""},"categories":[1],"tags":[],"class_list":["post-144018","post","type-post","status-publish","format-standard","has-post-thumbnail","hentry","category-fmvinas"],"_links":{"self":[{"href":"https:\/\/vinasfm.com\/noticias\/wp-json\/wp\/v2\/posts\/144018","targetHints":{"allow":["GET"]}}],"collection":[{"href":"https:\/\/vinasfm.com\/noticias\/wp-json\/wp\/v2\/posts"}],"about":[{"href":"https:\/\/vinasfm.com\/noticias\/wp-json\/wp\/v2\/types\/post"}],"author":[{"embeddable":true,"href":"https:\/\/vinasfm.com\/noticias\/wp-json\/wp\/v2\/users\/7"}],"replies":[{"embeddable":true,"href":"https:\/\/vinasfm.com\/noticias\/wp-json\/wp\/v2\/comments?post=144018"}],"version-history":[{"count":2,"href":"https:\/\/vinasfm.com\/noticias\/wp-json\/wp\/v2\/posts\/144018\/revisions"}],"predecessor-version":[{"id":144022,"href":"https:\/\/vinasfm.com\/noticias\/wp-json\/wp\/v2\/posts\/144018\/revisions\/144022"}],"wp:featuredmedia":[{"embeddable":true,"href":"https:\/\/vinasfm.com\/noticias\/wp-json\/wp\/v2\/media\/144021"}],"wp:attachment":[{"href":"https:\/\/vinasfm.com\/noticias\/wp-json\/wp\/v2\/media?parent=144018"}],"wp:term":[{"taxonomy":"category","embeddable":true,"href":"https:\/\/vinasfm.com\/noticias\/wp-json\/wp\/v2\/categories?post=144018"},{"taxonomy":"post_tag","embeddable":true,"href":"https:\/\/vinasfm.com\/noticias\/wp-json\/wp\/v2\/tags?post=144018"}],"curies":[{"name":"wp","href":"https:\/\/api.w.org\/{rel}","templated":true}]}}