{"id":144007,"date":"2025-02-06T14:36:36","date_gmt":"2025-02-06T17:36:36","guid":{"rendered":"https:\/\/vinasfm.com\/noticias\/?p=144007"},"modified":"2025-02-06T14:36:36","modified_gmt":"2025-02-06T17:36:36","slug":"inicia-la-obra-de-refuncionalizacion-de-la-planta-de-bombeo-cloacal-del-barrio-cec","status":"publish","type":"post","link":"https:\/\/vinasfm.com\/noticias\/inicia-la-obra-de-refuncionalizacion-de-la-planta-de-bombeo-cloacal-del-barrio-cec\/","title":{"rendered":"INICIA LA OBRA DE REFUNCIONALIZACI\u00d3N DE LA PLANTA DE BOMBEO CLOACAL DEL BARRIO CEC"},"content":{"rendered":"<h4><span style=\"color: #000000;\">El Intendente, Alejandro Molero, mantuvo una reuni\u00f3n con vecinos del Barrio Centro Empleados de Comercio, en la Plaza Ren\u00e9 Favaloro, para informar sobre el inicio de la obra de refuncionalizaci\u00f3n de la planta de bombeo de residuos cloacales. <\/span><\/h4>\n<p><span style=\"color: #000000;\">La intervenci\u00f3n, que demandar\u00e1 una gran inversi\u00f3n y un plazo de ejecuci\u00f3n de seis meses, busca solucionar los problemas de olores que afectan a la zona.<\/span><\/p>\n<p><span style=\"color: #000000;\">Molero destac\u00f3 la importancia de esta obra para mejorar la calidad de vida de los vecinos, resaltando que la planta elevadora nunca funcion\u00f3 correctamente desde su instalaci\u00f3n.<em><strong> \u201cEs una obra fundamental porque resuelve un problema estructural que viene afectando a muchas familias desde hace mucho tiempo\u201d<\/strong><\/em>, expres\u00f3 el intendente. Adem\u00e1s, explic\u00f3 que la licitaci\u00f3n tuvo inconvenientes previos por falta de oferentes, pero <strong>finalmente se logr\u00f3 adjudicar a la empresa Camiletti, que ya inici\u00f3 los trabajos.<\/strong><\/span><\/p>\n<p><span style=\"color: #000000;\">El <strong><span style=\"color: #003366;\">Ingeniero Walter Nievas<\/span><\/strong>,<em> representante de la empresa constructora<\/em>, brind\u00f3 detalles t\u00e9cnicos de la obra, indicando que se intervendr\u00e1 tanto la parte edilicia de la estaci\u00f3n de bombeo como la c\u00e1mara h\u00fameda, donde llegan los l\u00edquidos cloacales.<strong><em> \u201cSe realizar\u00e1 un recambio total de bombas, losas, tapas y registros para que la planta funcione en \u00f3ptimas condiciones\u201d<\/em><\/strong>, explic\u00f3 Nievas. Asimismo, pidi\u00f3 paciencia a los vecinos durante la ejecuci\u00f3n de la obra, ya que implicar\u00e1 restricciones en algunas arterias y posibles molestias por ruidos y olores.<\/span><\/p>\n<p><a href=\"https:\/\/vinasfm.com\/noticias\/wp-content\/uploads\/2025\/02\/IMG-20250206-WA0055.jpg\"><img loading=\"lazy\" decoding=\"async\" class=\"alignnone size-medium wp-image-144009\" src=\"https:\/\/vinasfm.com\/noticias\/wp-content\/uploads\/2025\/02\/IMG-20250206-WA0055-300x168.jpg\" alt=\"\" width=\"300\" height=\"168\" srcset=\"https:\/\/vinasfm.com\/noticias\/wp-content\/uploads\/2025\/02\/IMG-20250206-WA0055-300x168.jpg 300w, https:\/\/vinasfm.com\/noticias\/wp-content\/uploads\/2025\/02\/IMG-20250206-WA0055-1024x575.jpg 1024w, https:\/\/vinasfm.com\/noticias\/wp-content\/uploads\/2025\/02\/IMG-20250206-WA0055-768x431.jpg 768w, https:\/\/vinasfm.com\/noticias\/wp-content\/uploads\/2025\/02\/IMG-20250206-WA0055-1536x862.jpg 1536w, https:\/\/vinasfm.com\/noticias\/wp-content\/uploads\/2025\/02\/IMG-20250206-WA0055-360x200.jpg 360w, https:\/\/vinasfm.com\/noticias\/wp-content\/uploads\/2025\/02\/IMG-20250206-WA0055-750x420.jpg 750w, https:\/\/vinasfm.com\/noticias\/wp-content\/uploads\/2025\/02\/IMG-20250206-WA0055-1140x641.jpg 1140w, https:\/\/vinasfm.com\/noticias\/wp-content\/uploads\/2025\/02\/IMG-20250206-WA0055.jpg 1600w\" sizes=\"auto, (max-width: 300px) 100vw, 300px\" \/><\/a> <a href=\"https:\/\/vinasfm.com\/noticias\/wp-content\/uploads\/2025\/02\/IMG-20250206-WA0054.jpg\"><img loading=\"lazy\" decoding=\"async\" class=\"alignnone size-medium wp-image-144010\" src=\"https:\/\/vinasfm.com\/noticias\/wp-content\/uploads\/2025\/02\/IMG-20250206-WA0054-300x168.jpg\" alt=\"\" width=\"300\" height=\"168\" srcset=\"https:\/\/vinasfm.com\/noticias\/wp-content\/uploads\/2025\/02\/IMG-20250206-WA0054-300x168.jpg 300w, https:\/\/vinasfm.com\/noticias\/wp-content\/uploads\/2025\/02\/IMG-20250206-WA0054-1024x575.jpg 1024w, https:\/\/vinasfm.com\/noticias\/wp-content\/uploads\/2025\/02\/IMG-20250206-WA0054-768x431.jpg 768w, https:\/\/vinasfm.com\/noticias\/wp-content\/uploads\/2025\/02\/IMG-20250206-WA0054-1536x862.jpg 1536w, https:\/\/vinasfm.com\/noticias\/wp-content\/uploads\/2025\/02\/IMG-20250206-WA0054-360x200.jpg 360w, https:\/\/vinasfm.com\/noticias\/wp-content\/uploads\/2025\/02\/IMG-20250206-WA0054-750x420.jpg 750w, https:\/\/vinasfm.com\/noticias\/wp-content\/uploads\/2025\/02\/IMG-20250206-WA0054-1140x641.jpg 1140w, https:\/\/vinasfm.com\/noticias\/wp-content\/uploads\/2025\/02\/IMG-20250206-WA0054.jpg 1600w\" sizes=\"auto, (max-width: 300px) 100vw, 300px\" \/><\/a><\/p>\n<p><span style=\"color: #000000;\">Los vecinos que participaron del encuentro expresaron su expectativa ante el inicio de la obra. <span style=\"color: #003366;\"><strong>Alicia<\/strong><\/span>, <em>residente del barrio, coment\u00f3: <\/em><strong><em>\u201cEsta va a ser la primera vez que se concreta o que se avanza en este sentido, as\u00ed que nuestra expectativa es esa, que realmente d\u00e9 resultado\u201d<\/em>.<\/strong> Por su parte, <span style=\"color: #003366;\"><strong>Jorge<\/strong><\/span> otro vecino, valor\u00f3 la presencia de las autoridades y de la empresa constructora para informar sobre el proceso. <strong><em>\u201cAgradecemos a la empresa su disposici\u00f3n a presentar la obra y sacar las dudas de los vecinos, es importante que nos expliquen c\u00f3mo ser\u00e1 la obra y el tiempo que llevar\u00e1. Esperamos que finalmente se solucione este problema de tantos a\u00f1os\u201d<\/em><\/strong>, manifest\u00f3.<\/span><\/p>\n<p><span style=\"color: #000000;\">Con esta obra, se busca dar respuesta a un reclamo de largo tiempo de los vecinos y mejorar las condiciones ambientales del barrio y zonas aleda\u00f1as. La inversi\u00f3n en tecnolog\u00eda de \u00faltima generaci\u00f3n garantizar\u00e1 un mejor tratamiento de los residuos cloacales y una soluci\u00f3n definitiva a las deficiencias de la planta elevadora.<\/span><\/p>\n","protected":false},"excerpt":{"rendered":"<p>El Intendente, Alejandro Molero, mantuvo una reuni\u00f3n con vecinos del Barrio Centro Empleados de Comercio, en la Plaza Ren\u00e9 Favaloro, para &#8230;<\/p>\n","protected":false},"author":7,"featured_media":144011,"comment_status":"open","ping_status":"open","sticky":false,"template":"","format":"standard","meta":{"footnotes":""},"categories":[1],"tags":[],"class_list":["post-144007","post","type-post","status-publish","format-standard","has-post-thumbnail","hentry","category-fmvinas"],"_links":{"self":[{"href":"https:\/\/vinasfm.com\/noticias\/wp-json\/wp\/v2\/posts\/144007","targetHints":{"allow":["GET"]}}],"collection":[{"href":"https:\/\/vinasfm.com\/noticias\/wp-json\/wp\/v2\/posts"}],"about":[{"href":"https:\/\/vinasfm.com\/noticias\/wp-json\/wp\/v2\/types\/post"}],"author":[{"embeddable":true,"href":"https:\/\/vinasfm.com\/noticias\/wp-json\/wp\/v2\/users\/7"}],"replies":[{"embeddable":true,"href":"https:\/\/vinasfm.com\/noticias\/wp-json\/wp\/v2\/comments?post=144007"}],"version-history":[{"count":2,"href":"https:\/\/vinasfm.com\/noticias\/wp-json\/wp\/v2\/posts\/144007\/revisions"}],"predecessor-version":[{"id":144012,"href":"https:\/\/vinasfm.com\/noticias\/wp-json\/wp\/v2\/posts\/144007\/revisions\/144012"}],"wp:featuredmedia":[{"embeddable":true,"href":"https:\/\/vinasfm.com\/noticias\/wp-json\/wp\/v2\/media\/144011"}],"wp:attachment":[{"href":"https:\/\/vinasfm.com\/noticias\/wp-json\/wp\/v2\/media?parent=144007"}],"wp:term":[{"taxonomy":"category","embeddable":true,"href":"https:\/\/vinasfm.com\/noticias\/wp-json\/wp\/v2\/categories?post=144007"},{"taxonomy":"post_tag","embeddable":true,"href":"https:\/\/vinasfm.com\/noticias\/wp-json\/wp\/v2\/tags?post=144007"}],"curies":[{"name":"wp","href":"https:\/\/api.w.org\/{rel}","templated":true}]}}