{"id":144002,"date":"2025-02-06T12:20:11","date_gmt":"2025-02-06T15:20:11","guid":{"rendered":"https:\/\/vinasfm.com\/noticias\/?p=144002"},"modified":"2025-02-06T12:20:11","modified_gmt":"2025-02-06T15:20:11","slug":"en-san-rafael-productores-y-funcionarios-analizaron-los-efectos-de-la-lucha-antigranizo","status":"publish","type":"post","link":"https:\/\/vinasfm.com\/noticias\/en-san-rafael-productores-y-funcionarios-analizaron-los-efectos-de-la-lucha-antigranizo\/","title":{"rendered":"EN SAN RAFAEL: PRODUCTORES Y FUNCIONARIOS ANALIZARON LOS EFECTOS DE LA LUCHA ANTIGRANIZO"},"content":{"rendered":"<h4 data-sourcepos=\"3:1-3:329\"><span style=\"color: #000000;\">En una reuni\u00f3n informativa realizada en el aer\u00f3dromo de San Rafael, presentes en la base de <span class=\"error misspelling\" title=\"Se ha encontrado un posible error ortogr\u00e1fico.\" data-type=\"misspelling\" data-suggestions=\"[{&quot;value&quot;:&quot;Aer\u00f3bic&quot;},{&quot;value&quot;:&quot;Aerobic&quot;},{&quot;value&quot;:&quot;Cerote&quot;},{&quot;value&quot;:&quot;Aerotr\u00e9n&quot;},{&quot;value&quot;:&quot;Cerotea&quot;},{&quot;value&quot;:&quot;Cerotee&quot;},{&quot;value&quot;:&quot;Ceroteo&quot;}]\" data-rule=\"MORFOLOGIK_RULE_ES\" data-word=\"Aerotec\">Aerotec<\/span> y <span class=\"error misspelling\" title=\"Se ha encontrado un posible error ortogr\u00e1fico.\" data-type=\"misspelling\" data-suggestions=\"[{&quot;value&quot;:&quot;Esther&quot;},{&quot;value&quot;:&quot;V\u00e1ter&quot;},{&quot;value&quot;:&quot;P\u00e1ter&quot;},{&quot;value&quot;:&quot;Hathor&quot;},{&quot;value&quot;:&quot;Maher&quot;},{&quot;value&quot;:&quot;Nacher&quot;},{&quot;value&quot;:&quot;Ther&quot;}]\" data-rule=\"MORFOLOGIK_RULE_ES\" data-word=\"Wather\">Wather<\/span> <span class=\"error misspelling\" title=\"Se ha encontrado un posible error ortogr\u00e1fico.\" data-type=\"misspelling\" data-suggestions=\"[{&quot;value&quot;:&quot;Modificaci\u00f3n&quot;}]\" data-rule=\"MORFOLOGIK_RULE_ES\" data-word=\"Modification\">Modification<\/span>; productores locales y autoridades se reunieron para evaluar el desempe\u00f1o del sistema de Lucha Antigranizo.<\/span><\/h4>\n<p data-sourcepos=\"3:1-3:329\"><span style=\"color: #000000;\">El encuentro gener\u00f3 un espacio de di\u00e1logo para abordar dudas y plantear sugerencias sobre la efectividad de las operaciones.<\/span><\/p>\n<p data-sourcepos=\"3:1-3:329\"><span style=\"color: #000000;\">Los productores presentes expresaron su preocupaci\u00f3n sobre la efectividad del sistema, especialmente <span class=\"grammar correction\" title=\"Es preferible usar otra expresi\u00f3n.\" data-type=\"grammar\" data-suggestions=\"[{&quot;value&quot;:&quot;en relaci\u00f3n con&quot;},{&quot;value&quot;:&quot;con relaci\u00f3n a&quot;},{&quot;value&quot;:&quot;en lo que se refiere a&quot;},{&quot;value&quot;:&quot;sobre&quot;}]\" data-rule=\"EN_RELACION_A\" data-word=\"en relaci\u00f3n a\">en relaci\u00f3n con<\/span> los tiempos de respuesta y la capacidad de los aviones para mitigar los da\u00f1os causados por las tormentas m\u00e1s intensas. En particular,<strong> se cuestion\u00f3 si los aviones comienzan a operar lo suficientemente temprano y si cuentan con la tecnolog\u00eda adecuada para enfrentar tormentas de gran magnitud.\u00a0Asimismo, expresaron la necesidad de c<\/strong>ontar con informaci\u00f3n m\u00e1s detallada y transparente sobre los resultados obtenidos.<\/span><\/p>\n<p data-sourcepos=\"3:1-3:329\"><span style=\"color: #000000;\"><strong><em>\u201cHemos tenido la oportunidad de plantear nuestras dudas y sugerencias a los representantes de la empresa\u201d<\/em><\/strong>, se\u00f1al\u00f3 <span style=\"color: #003366;\"><strong>Ramiro <span class=\"error misspelling\" title=\"Se ha encontrado un posible error ortogr\u00e1fico.\" data-type=\"misspelling\" data-suggestions=\"[{&quot;value&quot;:&quot;Lava&quot;},{&quot;value&quot;:&quot;Lavalle&quot;},{&quot;value&quot;:&quot;Lavar&quot;},{&quot;value&quot;:&quot;Lavas&quot;},{&quot;value&quot;:&quot;Lavan&quot;},{&quot;value&quot;:&quot;Tabay&quot;},{&quot;value&quot;:&quot;Lavad&quot;}]\" data-rule=\"MORFOLOGIK_RULE_ES\" data-word=\"Labay\">Labay<\/span><\/strong><\/span>, <em>presidente de la C\u00e1mara de Comercio, Ganader\u00eda e Industria de General Alvear<\/em>. <em><strong>\u201cEs importante que tengamos toda la informaci\u00f3n para poder evaluar la eficacia del sistema y proponer mejoras\u201d<\/strong><\/em>, sostuvo.<\/span><\/p>\n<p data-sourcepos=\"3:1-3:329\"><span style=\"color: #000000;\">Uno de los principales desaf\u00edos identificados durante la reuni\u00f3n fue la barrera del idioma, ya que el personal de la empresa es principalmente de habla inglesa. Esto dificult\u00f3 la comunicaci\u00f3n y la comprensi\u00f3n de algunos conceptos t\u00e9cnicos. <strong><em><span class=\"grammar correction\" title=\"En una tipograf\u00eda cuidada, use comillas tipogr\u00e1ficas.\" data-type=\"grammar\" data-suggestions=\"[{&quot;value&quot;:&quot;\u201c&quot;},{&quot;value&quot;:&quot;\u00ab&quot;}]\" data-rule=\"COMILLAS_TIPOGRAFICAS\" data-word=\"&quot;\">\u201c<\/span>Todos los que trabajan en la empresa son americanos, muchas veces lo que ellos quieren comunicar no es lo mismo que llega a nuestros o\u00eddos y es por eso que resulta engorroso poder sacarnos las dudas en el momento<span class=\"grammar correction\" title=\"En una tipograf\u00eda cuidada, use comillas tipogr\u00e1ficas.\" data-type=\"grammar\" data-suggestions=\"[{&quot;value&quot;:&quot;\u201d&quot;},{&quot;value&quot;:&quot;\u00bb&quot;}]\" data-rule=\"COMILLAS_TIPOGRAFICAS\" data-word=\"&quot;\">\u201d<\/span>.\u00a0<\/em><\/strong><\/span><\/p>\n<p data-sourcepos=\"3:1-3:329\"><span style=\"color: #000000;\">Sin embargo, los participantes destacaron la importancia de contar con este servicio y valoraron el esfuerzo de las autoridades por brindarles esta oportunidad de di\u00e1logo.<\/span><\/p>\n<p data-sourcepos=\"3:1-3:329\"><span style=\"color: #000000;\">Por su parte, el S<em>ecretario de Desarrollo y Promoci\u00f3n Departamental<\/em>, <span style=\"color: #003366;\"><strong>Hugo Molina<\/strong><\/span>, se comprometi\u00f3 a solicitar un informe detallado a la empresa, incluyendo informaci\u00f3n sobre las operaciones realizadas, los resultados obtenidos y las medidas correctivas implementadas.<\/span><\/p>\n<p data-sourcepos=\"3:1-3:329\"><span style=\"color: #000000;\"><em><strong><span class=\"grammar correction\" title=\"En una tipograf\u00eda cuidada, use comillas tipogr\u00e1ficas.\" data-type=\"grammar\" data-suggestions=\"[{&quot;value&quot;:&quot;\u201c&quot;},{&quot;value&quot;:&quot;\u00ab&quot;}]\" data-rule=\"COMILLAS_TIPOGRAFICAS\" data-word=\"&quot;\">\u201c<\/span>Es fundamental que los productores tengan toda la informaci\u00f3n necesaria para evaluar la efectividad del sistema y proponer mejoras<span class=\"grammar correction\" title=\"En una tipograf\u00eda cuidada, use comillas tipogr\u00e1ficas.\" data-type=\"grammar\" data-suggestions=\"[{&quot;value&quot;:&quot;\u201d&quot;},{&quot;value&quot;:&quot;\u00bb&quot;}]\" data-rule=\"COMILLAS_TIPOGRAFICAS\" data-word=\"&quot;\">\u201d<\/span><\/strong><\/em>, afirm\u00f3 Molina. En ese contexto, destac\u00f3 la necesidad de compartir los archivos de las operaciones para conocer si las tormentas son atacas a tiempo y conocer la efectividad de las operaciones.<\/span><\/p>\n<p data-sourcepos=\"3:1-3:329\"><span style=\"color: #000000;\">Finalmente, Molina fue claro al expresar que<em><strong> <span class=\"grammar correction\" title=\"En una tipograf\u00eda cuidada, use comillas tipogr\u00e1ficas.\" data-type=\"grammar\" data-suggestions=\"[{&quot;value&quot;:&quot;\u201c&quot;},{&quot;value&quot;:&quot;\u00ab&quot;}]\" data-rule=\"COMILLAS_TIPOGRAFICAS\" data-word=\"&quot;\">\u201c<\/span>todas las cr\u00edticas y consultas surgen porque tanto San Rafael como General Alvear <span class=\"misspelling correction\" title=\"Se ha encontrado un posible error ortogr\u00e1fico.\" data-type=\"misspelling\" data-suggestions=\"[{&quot;value&quot;:&quot;mostraron&quot;}]\" data-rule=\"MORFOLOGIK_RULE_ES\" data-word=\"moestraron\">mostraron<\/span> un claro inter\u00e9s en reactivar la Lucha Antigranizo en el sur de la provincia, se tom\u00f3 la decisi\u00f3n pol\u00edtica y sin ella hoy no tendr\u00edamos producci\u00f3n<span class=\"grammar correction\" title=\"En una tipograf\u00eda cuidada, use comillas tipogr\u00e1ficas.\" data-type=\"grammar\" data-suggestions=\"[{&quot;value&quot;:&quot;\u201d&quot;},{&quot;value&quot;:&quot;\u00bb&quot;}]\" data-rule=\"COMILLAS_TIPOGRAFICAS\" data-word=\"&quot;\">\u201d<\/span>.\u00a0<\/strong><\/em><\/span><\/p>\n<p data-sourcepos=\"3:1-3:329\"><span style=\"color: #000000;\">Se espera que la informaci\u00f3n recopilada durante esta reuni\u00f3n sirva para mejorar la gesti\u00f3n del sistema de Lucha Antigranizo y garantizar una mayor protecci\u00f3n de los cultivos en General Alvear.<\/span><\/p>\n","protected":false},"excerpt":{"rendered":"<p>En una reuni\u00f3n informativa realizada en el aer\u00f3dromo de San Rafael, presentes en la base de Aerotec y Wather Modification; productores &#8230;<\/p>\n","protected":false},"author":7,"featured_media":144003,"comment_status":"open","ping_status":"open","sticky":false,"template":"","format":"standard","meta":{"footnotes":""},"categories":[1],"tags":[],"class_list":["post-144002","post","type-post","status-publish","format-standard","has-post-thumbnail","hentry","category-fmvinas"],"_links":{"self":[{"href":"https:\/\/vinasfm.com\/noticias\/wp-json\/wp\/v2\/posts\/144002","targetHints":{"allow":["GET"]}}],"collection":[{"href":"https:\/\/vinasfm.com\/noticias\/wp-json\/wp\/v2\/posts"}],"about":[{"href":"https:\/\/vinasfm.com\/noticias\/wp-json\/wp\/v2\/types\/post"}],"author":[{"embeddable":true,"href":"https:\/\/vinasfm.com\/noticias\/wp-json\/wp\/v2\/users\/7"}],"replies":[{"embeddable":true,"href":"https:\/\/vinasfm.com\/noticias\/wp-json\/wp\/v2\/comments?post=144002"}],"version-history":[{"count":1,"href":"https:\/\/vinasfm.com\/noticias\/wp-json\/wp\/v2\/posts\/144002\/revisions"}],"predecessor-version":[{"id":144004,"href":"https:\/\/vinasfm.com\/noticias\/wp-json\/wp\/v2\/posts\/144002\/revisions\/144004"}],"wp:featuredmedia":[{"embeddable":true,"href":"https:\/\/vinasfm.com\/noticias\/wp-json\/wp\/v2\/media\/144003"}],"wp:attachment":[{"href":"https:\/\/vinasfm.com\/noticias\/wp-json\/wp\/v2\/media?parent=144002"}],"wp:term":[{"taxonomy":"category","embeddable":true,"href":"https:\/\/vinasfm.com\/noticias\/wp-json\/wp\/v2\/categories?post=144002"},{"taxonomy":"post_tag","embeddable":true,"href":"https:\/\/vinasfm.com\/noticias\/wp-json\/wp\/v2\/tags?post=144002"}],"curies":[{"name":"wp","href":"https:\/\/api.w.org\/{rel}","templated":true}]}}