{"id":143991,"date":"2025-02-06T09:41:16","date_gmt":"2025-02-06T12:41:16","guid":{"rendered":"https:\/\/vinasfm.com\/noticias\/?p=143991"},"modified":"2025-02-06T09:41:16","modified_gmt":"2025-02-06T12:41:16","slug":"cronograma-2025-de-educacion-superior-antes-de-iniciar-las-clases","status":"publish","type":"post","link":"https:\/\/vinasfm.com\/noticias\/cronograma-2025-de-educacion-superior-antes-de-iniciar-las-clases\/","title":{"rendered":"CRONOGRAMA 2025 DE EDUCACI\u00d3N SUPERIOR ANTES DE INICIAR LAS CLASES"},"content":{"rendered":"<h4><span style=\"color: #000000;\">El calendario acad\u00e9mico comenzar\u00e1 este jueves 6 de febrero con el regreso de las autoridades a los IES, y durante todo el mes habr\u00e1 diferentes actividades, consultas, pr\u00e1cticas, talleres y mesas. El cursado comenzar\u00e1 el 17 de marzo.<\/span><\/h4>\n<p><span style=\"color: #000000;\">Con diversas novedades de relevancia, la <strong>Direcci\u00f3n de Educaci\u00f3n Superior de la Direcci\u00f3n General de Escuelas estableci\u00f3 las fechas m\u00e1s importantes para este 2025.<\/strong><\/span><\/p>\n<p><span style=\"color: #000000;\">Despu\u00e9s de la presentaci\u00f3n de los lineamientos pol\u00edticos y pedag\u00f3gicos, a cargo del Ministro <span style=\"color: #003366;\"><strong>Tadeo Garc\u00eda Zalazar<\/strong><\/span>, el pasado lunes, en Tunuy\u00e1n, <strong>Educaci\u00f3n Superior comenzar\u00e1 este jueves con las actividades acad\u00e9micas y la exposici\u00f3n de los equipos de gesti\u00f3n en los institutos.<\/strong><\/span><\/p>\n<p><span style=\"color: #000000;\">Luego, el lunes 10, s<strong>er\u00e1 el turno de la presentaci\u00f3n de docentes y no docentes en los institutos y del inicio de las horas de consulta para mesas examinadoras y tribunales para el primer llamado correspondiente al turno de febrero-marzo.<\/strong> Asimismo,<strong> a partir del martes 11 ser\u00e1n los talleres nivelatorios y\/o de ingreso institucional, y a las Pr\u00e1cticas Profesionalizantes en entornos formativos institucionales y\/o en \u00e1mbitos socio productivos externos.<\/strong><\/span><\/p>\n<p><span style=\"color: #000000;\">Ese mismo d\u00eda, <strong>tambi\u00e9n comenzar\u00e1 la preparaci\u00f3n y planificaci\u00f3n para la continuidad de las instancias presenciales para las Pr\u00e1cticas Profesionalizantes Docentes IV en escuelas asociadas; tendr\u00e1 lugar la inscripci\u00f3n a las mesas examinadoras y tribunales para el primer llamado del turno febrero-marzo, e iniciar\u00e1 tanto la segunda etapa de la inscripci\u00f3n de aspirantes al ciclo lectivo 2025, como la segunda etapa de inscripci\u00f3n de mayores de 25 a\u00f1os sin nivel secundario, que se prolongar\u00e1 hasta el 18 de febrero.<\/strong><\/span><\/p>\n<p><span style=\"color: #000000;\">Por otro lado, <strong>el viernes 14 finalizar\u00e1n las horas de consulta para las mesas examinadoras y tribunales del primer llamado de febrero, mientras que entre el lunes 17 y el viernes 28 se desarrollar\u00e1n las mesas examinadoras<\/strong> y tribunales para el primer llamado del turno febrero-marzo.<\/span><\/p>\n<p><span style=\"color: #000000;\">Educaci\u00f3n Superior culminar\u00e1 el lunes 24 de febrero con la inscripci\u00f3n a las mesas examinadoras y tribunales para el segundo llamado del turno febrero-marzo, y la organizaci\u00f3n y publicaci\u00f3n de aquellas mismas, y el viernes 28, con el inicio del proceso de reubicaci\u00f3n y reasignaci\u00f3n de docentes con toma de posesi\u00f3n en marzo-abril de 2025, y el comienzo de las horas de consulta para mesas examinadoras y tribunales para el segundo llamado del turno febrero-marzo.<\/span><\/p>\n<p><span style=\"color: #000000;\">Ya durante marzo, e<strong>l martes 4 de ese mes ser\u00e1 la presentaci\u00f3n de los Proyectos de Modalidad Combinada ante la Direcci\u00f3n de Educaci\u00f3n Superior, mientras que el mi\u00e9rcoles 5 se realizar\u00e1 el examen jurisdiccional para mayores de 25 a\u00f1os sin nivel secundario cursado, y comenzar\u00e1n las mesas examinadoras y tribunales para el segundo llamado del turno febrero-marzo, que se extender\u00e1n hasta el jueves 13<\/strong>, d\u00eda en el cual, adem\u00e1s, finalizar\u00e1n las instancias de nivelaci\u00f3n y los cursos de ingreso 2025.<\/span><\/p>\n<p><span style=\"color: #000000;\">Cabe destacar que <strong>el viernes 14 de marzo ser\u00e1 momento de la inscripci\u00f3n y la matriculaci\u00f3n de estudiantes de todas las carreras, y que entre el lunes 17 y el martes 25 iniciar\u00e1 el cursado regular del primer cuatrimestre de todas las carreras.<\/strong><\/span><\/p>\n<p><span style=\"color: #000000;\">En su momento correspondiente se informar\u00e1 sobre las dem\u00e1s fechas de relevancia a lo largo de 2025, no obstante recordar que entre el 7 y el 20 de julio ser\u00e1 el receso escolar de invierno, y que el 21 de noviembre concluir\u00e1n las clases, con la finalizaci\u00f3n del cursado del segundo cuatrimestre de todas las carreras.<\/span><\/p>\n","protected":false},"excerpt":{"rendered":"<p>El calendario acad\u00e9mico comenzar\u00e1 este jueves 6 de febrero con el regreso de las autoridades a los IES, y durante todo &#8230;<\/p>\n","protected":false},"author":7,"featured_media":143992,"comment_status":"open","ping_status":"open","sticky":false,"template":"","format":"standard","meta":{"footnotes":""},"categories":[1],"tags":[],"class_list":["post-143991","post","type-post","status-publish","format-standard","has-post-thumbnail","hentry","category-fmvinas"],"_links":{"self":[{"href":"https:\/\/vinasfm.com\/noticias\/wp-json\/wp\/v2\/posts\/143991","targetHints":{"allow":["GET"]}}],"collection":[{"href":"https:\/\/vinasfm.com\/noticias\/wp-json\/wp\/v2\/posts"}],"about":[{"href":"https:\/\/vinasfm.com\/noticias\/wp-json\/wp\/v2\/types\/post"}],"author":[{"embeddable":true,"href":"https:\/\/vinasfm.com\/noticias\/wp-json\/wp\/v2\/users\/7"}],"replies":[{"embeddable":true,"href":"https:\/\/vinasfm.com\/noticias\/wp-json\/wp\/v2\/comments?post=143991"}],"version-history":[{"count":1,"href":"https:\/\/vinasfm.com\/noticias\/wp-json\/wp\/v2\/posts\/143991\/revisions"}],"predecessor-version":[{"id":143993,"href":"https:\/\/vinasfm.com\/noticias\/wp-json\/wp\/v2\/posts\/143991\/revisions\/143993"}],"wp:featuredmedia":[{"embeddable":true,"href":"https:\/\/vinasfm.com\/noticias\/wp-json\/wp\/v2\/media\/143992"}],"wp:attachment":[{"href":"https:\/\/vinasfm.com\/noticias\/wp-json\/wp\/v2\/media?parent=143991"}],"wp:term":[{"taxonomy":"category","embeddable":true,"href":"https:\/\/vinasfm.com\/noticias\/wp-json\/wp\/v2\/categories?post=143991"},{"taxonomy":"post_tag","embeddable":true,"href":"https:\/\/vinasfm.com\/noticias\/wp-json\/wp\/v2\/tags?post=143991"}],"curies":[{"name":"wp","href":"https:\/\/api.w.org\/{rel}","templated":true}]}}