{"id":143984,"date":"2025-02-06T09:19:16","date_gmt":"2025-02-06T12:19:16","guid":{"rendered":"https:\/\/vinasfm.com\/noticias\/?p=143984"},"modified":"2025-02-07T10:25:59","modified_gmt":"2025-02-07T13:25:59","slug":"marcolini-brindo-declaraciones-en-relacion-a-temas-claves-para-el-desarrollo-de-la-region","status":"publish","type":"post","link":"https:\/\/vinasfm.com\/noticias\/marcolini-brindo-declaraciones-en-relacion-a-temas-claves-para-el-desarrollo-de-la-region\/","title":{"rendered":"MARCOLINI BRIND\u00d3 DECLARACIONES EN RELACI\u00d3N A TEMAS CLAVES PARA EL DESARROLLO DE LA REGI\u00d3N"},"content":{"rendered":"<h4><span style=\"color: #000000;\">El Senador radical Walther Marcolini abord\u00f3 diversos temas de importancia para la provincia de Mendoza en recientes declaraciones.<\/span><\/h4>\n<p><span style=\"color: #000000;\">El tema que tom\u00f3 m\u00e1s protagonismo en la jornada del mi\u00e9rcoles fue el avance en la ejecuci\u00f3n de la obra del Anillado El\u00e9ctrico de 132 kV. <span style=\"color: #003366;\"><strong>Marcolini<\/strong> <\/span>celebr\u00f3 el avance del proyecto de ampliaci\u00f3n de la red el\u00e9ctrica, una iniciativa largamente esperada que beneficiar\u00e1 a los departamentos de General Alvear y San Rafael. <em><strong>\u00abEs una obra muy importante para la regi\u00f3n. Representar\u00e1 un antes y un despu\u00e9s en la vida de los ciudadanos, no solo porque Alvear contar\u00e1 con un mayor abastecimiento el\u00e9ctrico, sino porque abre la puerta a m\u00e1s inversiones en la regi\u00f3n\u00bb<\/strong><\/em>, destac\u00f3 Marcolini.<\/span><\/p>\n<p><span style=\"color: #000000;\"><strong>El Senador resalt\u00f3 que esta obra garantizar\u00e1 el suministro el\u00e9ctrico para los pr\u00f3ximos 30 a\u00f1os, un aspecto fundamental para el desarrollo de la regi\u00f3n.<\/strong> Sin embargo, advirti\u00f3 sobre la necesidad de agilizar los plazos administrativos, instando a la participaci\u00f3n ciudadana en la audiencia p\u00fablica del 13 de febrero y destacando la importancia de obtener el certificado del ENRE.<\/span><\/p>\n<p><span style=\"color: #000000;\">Sobre su financiamiento, Marcolini destac\u00f3 que <strong><em>\u00abel Sr. Gobernador tom\u00f3 la decisi\u00f3n de financiar est\u00e1 tan importante obra con parte de los fondos del Resarcimiento a la Provincia, que originalmente correspond\u00edan a Portezuelo del Viento\u00bb.<\/em><\/strong><\/span><\/p>\n<p><span style=\"color: #000000;\">En relaci\u00f3n a la posibilidad de instalar un parque solar en la regi\u00f3n, Marcolini explic\u00f3 que la ampliaci\u00f3n de la red el\u00e9ctrica <strong><em>\u00abpermitir\u00e1 duplicar la capacidad de la subestaci\u00f3n transformadora. Adem\u00e1s, permitir\u00e1 el surgiemiento de proyectos de energ\u00eda renovable, facilitando su transporte\u00bb.<\/em><\/strong><\/span><\/p>\n<h2><span style=\"color: #000000;\">Modificaciones al C\u00f3digo Procesal Penal<\/span><\/h2>\n<p><span style=\"color: #000000;\">En otro orden de temas, Marcolini se refiri\u00f3 a la reciente modificaci\u00f3n del <strong>C\u00f3digo Procesal Penal, destacando que esta actualizaci\u00f3n busca agilizar los tiempos de la Investigaci\u00f3n Penal Preparatoria<\/strong> (IPP) y reducir las dilaciones que obstaculizan el acceso a la justicia.<\/span><\/p>\n<p><span style=\"color: #000000;\">Marcolini explic\u00f3 que <em><strong>\u00ablos m\u00e1s de 11 art\u00edculos modificados buscan acortar los plazos, llevando adelante el proceso investigatorio como corresponde, favoreciento tando a la v\u00edcitima como al imputado\u00bb.<\/strong><\/em> Las\u00a0modificaciones introducidas, que incluyen cambios en art\u00edculos clave como el 22 y la incorporaci\u00f3n del art\u00edculo 362 bis, buscan optimizar los procesos judiciales sin vulnerar los derechos de las partes.<\/span><\/p>\n<p><span style=\"color: #000000;\">Adem\u00e1s, el Senador se\u00f1al\u00f3 que <strong><em>\u00abm\u00e1s all\u00e1 de que algunos grupos votaron en contra, en donde cada uno ha tomado una postura propia, se espera que no sea una tem\u00e1tica en un a\u00f1o electoral. Lo m\u00e1s favorable es que se acorten los plazos, en un sistema acusatorio la etapa importante es el juicio y por lo tanto, mientras m\u00e1s r\u00e1pido sea la investigaci\u00f3n penal preparatoria que lleva el fiscal, tanto la v\u00edctima como el imputado se ven beneficiados\u00bb.<\/em><\/strong><\/span><\/p>\n<h2>PASO<\/h2>\n<p><span style=\"color: #000000;\">Finalmente, Marcolini se refiri\u00f3 al debate en torno a la suspensi\u00f3n de las elecciones <strong>Primarias, Abiertas, Simult\u00e1neas y Obligatorias<\/strong> <em>(PASO<\/em>). Si bien se mostr\u00f3 a favor de la participaci\u00f3n ciudadana y reconoci\u00f3 el valor de las PASO como herramienta para democratizar la vida pol\u00edtica, se\u00f1alando que <strong><em>\u00abhay muchas personas que nunca hubieran podido ser candidatas sin la existencia de las PASO\u00bb<\/em><\/strong>, admiti\u00f3 que existe una discusi\u00f3n abierta sobre su financiamiento y la necesidad de reducir gastos.<\/span><\/p>\n<p><span style=\"color: #000000;\">En este sentido, Marcolini se\u00f1al\u00f3 que la decisi\u00f3n final sobre la suspensi\u00f3n de las PASO depender\u00e1 de la evoluci\u00f3n del debate a nivel nacional y de los acuerdos pol\u00edticos que se establezcan en los pr\u00f3ximos meses.<\/span><\/p>\n","protected":false},"excerpt":{"rendered":"<p>El Senador radical Walther Marcolini abord\u00f3 diversos temas de importancia para la provincia de Mendoza en recientes declaraciones. El tema que &#8230;<\/p>\n","protected":false},"author":7,"featured_media":143988,"comment_status":"open","ping_status":"open","sticky":false,"template":"","format":"standard","meta":{"footnotes":""},"categories":[5,10],"tags":[],"class_list":["post-143984","post","type-post","status-publish","format-standard","has-post-thumbnail","hentry","category-actualidad","category-destacadas"],"_links":{"self":[{"href":"https:\/\/vinasfm.com\/noticias\/wp-json\/wp\/v2\/posts\/143984","targetHints":{"allow":["GET"]}}],"collection":[{"href":"https:\/\/vinasfm.com\/noticias\/wp-json\/wp\/v2\/posts"}],"about":[{"href":"https:\/\/vinasfm.com\/noticias\/wp-json\/wp\/v2\/types\/post"}],"author":[{"embeddable":true,"href":"https:\/\/vinasfm.com\/noticias\/wp-json\/wp\/v2\/users\/7"}],"replies":[{"embeddable":true,"href":"https:\/\/vinasfm.com\/noticias\/wp-json\/wp\/v2\/comments?post=143984"}],"version-history":[{"count":2,"href":"https:\/\/vinasfm.com\/noticias\/wp-json\/wp\/v2\/posts\/143984\/revisions"}],"predecessor-version":[{"id":143986,"href":"https:\/\/vinasfm.com\/noticias\/wp-json\/wp\/v2\/posts\/143984\/revisions\/143986"}],"wp:featuredmedia":[{"embeddable":true,"href":"https:\/\/vinasfm.com\/noticias\/wp-json\/wp\/v2\/media\/143988"}],"wp:attachment":[{"href":"https:\/\/vinasfm.com\/noticias\/wp-json\/wp\/v2\/media?parent=143984"}],"wp:term":[{"taxonomy":"category","embeddable":true,"href":"https:\/\/vinasfm.com\/noticias\/wp-json\/wp\/v2\/categories?post=143984"},{"taxonomy":"post_tag","embeddable":true,"href":"https:\/\/vinasfm.com\/noticias\/wp-json\/wp\/v2\/tags?post=143984"}],"curies":[{"name":"wp","href":"https:\/\/api.w.org\/{rel}","templated":true}]}}