{"id":143971,"date":"2025-02-05T18:55:03","date_gmt":"2025-02-05T21:55:03","guid":{"rendered":"https:\/\/vinasfm.com\/noticias\/?p=143971"},"modified":"2025-02-05T18:55:03","modified_gmt":"2025-02-05T21:55:03","slug":"avanza-un-proyecto-clave-para-mejorar-el-suministro-electrico-en-general-alvear","status":"publish","type":"post","link":"https:\/\/vinasfm.com\/noticias\/avanza-un-proyecto-clave-para-mejorar-el-suministro-electrico-en-general-alvear\/","title":{"rendered":"AVANZA UN PROYECTO CLAVE PARA MEJORAR EL SUMINISTRO EL\u00c9CTRICO EN GENERAL ALVEAR"},"content":{"rendered":"<h4 data-sourcepos=\"3:1-3:325\"><span style=\"color: #000000;\">En una importante noticia para el departamento, fue presentada la obra del Anillado El\u00e9ctrico de 132 <span class=\"misspelling correction\" title=\"Se ha encontrado un posible error ortogr\u00e1fico.\" data-type=\"misspelling\" data-suggestions=\"[{&quot;value&quot;:&quot;kV&quot;},{&quot;value&quot;:&quot;Km&quot;},{&quot;value&quot;:&quot;kW&quot;},{&quot;value&quot;:&quot;Ka&quot;},{&quot;value&quot;:&quot;IV&quot;},{&quot;value&quot;:&quot;KO&quot;},{&quot;value&quot;:&quot;Kev&quot;}]\" data-rule=\"MORFOLOGIK_RULE_ES\" data-word=\"Kv\">kV<\/span>, que unir\u00e1 San Rafael y General Alvear. Este proyecto, que cuenta con una millonaria inversi\u00f3n, permitir\u00e1 mejorar la calidad y la seguridad del suministro el\u00e9ctrico en la regi\u00f3n. <\/span><\/h4>\n<p data-sourcepos=\"3:1-3:325\"><span style=\"color: #000000;\">La presidenta del <strong>Ente Provincial Regulador de la Electricidad<\/strong> <em>(EPRE)<\/em>, <span style=\"color: #003366;\"><strong>Andrea Molina<\/strong><\/span>, explic\u00f3 que la obra consiste en la <strong>construcci\u00f3n de un tendido el\u00e9ctrico de 19 kil\u00f3metros desde los Nihuiles hasta el Parque Industrial de San Rafael, y de una l\u00ednea de alta tensi\u00f3n de 80 kil\u00f3metros desde San Rafael hasta General Alvear<\/strong>. Adem\u00e1s, se construir\u00e1 un nuevo campo en Alvear para recibir esta l\u00ednea.\u00a0<\/span><\/p>\n<p data-sourcepos=\"3:1-3:325\"><span style=\"color: #000000;\"><em><strong> <span class=\"grammar correction\" title=\"En una tipograf\u00eda cuidada, use comillas tipogr\u00e1ficas.\" data-type=\"grammar\" data-suggestions=\"[{&quot;value&quot;:&quot;\u201c&quot;},{&quot;value&quot;:&quot;\u00ab&quot;}]\" data-rule=\"COMILLAS_TIPOGRAFICAS\" data-word=\"&quot;\">\u201c<\/span>Esta obra es fundamental para garantizar un suministro el\u00e9ctrico m\u00e1s confiable y seguro para toda la regi\u00f3n<span class=\"grammar correction\" title=\"En una tipograf\u00eda cuidada, use comillas tipogr\u00e1ficas.\" data-type=\"grammar\" data-suggestions=\"[{&quot;value&quot;:&quot;\u201d&quot;},{&quot;value&quot;:&quot;\u00bb&quot;}]\" data-rule=\"COMILLAS_TIPOGRAFICAS\" data-word=\"&quot;\">\u201d<\/span><\/strong><\/em>, afirm\u00f3 Molina. La funcionaria destac\u00f3 que, a pesar de los desaf\u00edos planteados por la falta de generaci\u00f3n de energ\u00eda en las centrales Nihuil 2 y Nihuil 3, <strong>el proyecto sigue adelante gracias a una inversi\u00f3n de 31 millones de d\u00f3lares.<\/strong><\/span><\/p>\n<p data-sourcepos=\"3:1-3:325\"><a href=\"https:\/\/vinasfm.com\/noticias\/wp-content\/uploads\/2025\/02\/IMG-20250205-WA0044.jpg\"><img loading=\"lazy\" decoding=\"async\" class=\"alignnone size-medium wp-image-143973\" src=\"https:\/\/vinasfm.com\/noticias\/wp-content\/uploads\/2025\/02\/IMG-20250205-WA0044-300x169.jpg\" alt=\"\" width=\"300\" height=\"169\" srcset=\"https:\/\/vinasfm.com\/noticias\/wp-content\/uploads\/2025\/02\/IMG-20250205-WA0044-300x169.jpg 300w, https:\/\/vinasfm.com\/noticias\/wp-content\/uploads\/2025\/02\/IMG-20250205-WA0044-1024x576.jpg 1024w, https:\/\/vinasfm.com\/noticias\/wp-content\/uploads\/2025\/02\/IMG-20250205-WA0044-768x432.jpg 768w, https:\/\/vinasfm.com\/noticias\/wp-content\/uploads\/2025\/02\/IMG-20250205-WA0044-750x420.jpg 750w, https:\/\/vinasfm.com\/noticias\/wp-content\/uploads\/2025\/02\/IMG-20250205-WA0044-1140x641.jpg 1140w, https:\/\/vinasfm.com\/noticias\/wp-content\/uploads\/2025\/02\/IMG-20250205-WA0044.jpg 1280w\" sizes=\"auto, (max-width: 300px) 100vw, 300px\" \/><\/a><\/p>\n<p data-sourcepos=\"3:1-3:325\"><span style=\"color: #000000;\">Por su parte, el <span style=\"color: #003366;\"><strong>Intendente Alejandro Molero<\/strong><\/span> expres\u00f3 su satisfacci\u00f3n por el inicio de esta obra, que representa una inversi\u00f3n hist\u00f3rica para el departamento. <strong><em><span class=\"grammar correction\" title=\"En una tipograf\u00eda cuidada, use comillas tipogr\u00e1ficas.\" data-type=\"grammar\" data-suggestions=\"[{&quot;value&quot;:&quot;\u201c&quot;},{&quot;value&quot;:&quot;\u00ab&quot;}]\" data-rule=\"COMILLAS_TIPOGRAFICAS\" data-word=\"&quot;\">\u201c<\/span>Hace m\u00e1s de dos d\u00e9cadas estamos esperando esta obra del anillado el\u00e9ctrico<span class=\"grammar correction\" title=\"En una tipograf\u00eda cuidada, use comillas tipogr\u00e1ficas.\" data-type=\"grammar\" data-suggestions=\"[{&quot;value&quot;:&quot;\u201d&quot;},{&quot;value&quot;:&quot;\u00bb&quot;}]\" data-rule=\"COMILLAS_TIPOGRAFICAS\" data-word=\"&quot;\">\u201d<\/span><\/em><\/strong>, afirm\u00f3 el intendente. Molero destac\u00f3 que <strong>este proyecto no solo mejorar\u00e1 la calidad de vida de los <span class=\"error misspelling\" title=\"Se ha encontrado un posible error ortogr\u00e1fico.\" data-type=\"misspelling\" data-suggestions=\"[{&quot;value&quot;:&quot;albeldenses&quot;}]\" data-rule=\"MORFOLOGIK_RULE_ES\" data-word=\"alvearenses\">alvearenses<\/span>, sino que tambi\u00e9n permitir\u00e1 el desarrollo industrial y econ\u00f3mico de la regi\u00f3n. <\/strong><\/span><\/p>\n<p data-sourcepos=\"3:1-3:325\"><span style=\"color: #000000;\">As\u00ed mismo, el Jefe Comunal destac\u00f3 que <strong><em><span class=\"grammar correction\" title=\"En una tipograf\u00eda cuidada, use comillas tipogr\u00e1ficas.\" data-type=\"grammar\" data-suggestions=\"[{&quot;value&quot;:&quot;\u201c&quot;},{&quot;value&quot;:&quot;\u00ab&quot;}]\" data-rule=\"COMILLAS_TIPOGRAFICAS\" data-word=\"&quot;\">\u201c<\/span>la Gesti\u00f3n se concentra en crear obras que, quiz\u00e1s no son tan notorias como un edificio, pero que buscan potenciar a la regi\u00f3n y los <span class=\"misspelling correction\" title=\"Se ha encontrado un posible error ortogr\u00e1fico.\" data-type=\"misspelling\" data-suggestions=\"[{&quot;value&quot;:&quot;ciudadano&quot;},{&quot;value&quot;:&quot;ciudad ando&quot;}]\" data-rule=\"MORFOLOGIK_RULE_ES\" data-word=\"ciudadando\">ciudadano<\/span>; generando enormes oportunidades de desarrollo<span class=\"grammar correction\" title=\"En una tipograf\u00eda cuidada, use comillas tipogr\u00e1ficas.\" data-type=\"grammar\" data-suggestions=\"[{&quot;value&quot;:&quot;\u201d&quot;},{&quot;value&quot;:&quot;\u00bb&quot;}]\" data-rule=\"COMILLAS_TIPOGRAFICAS\" data-word=\"&quot;\">\u201d<\/span>.\u00a0<\/em><\/strong><\/span><\/p>\n<p data-sourcepos=\"3:1-3:325\"><a href=\"https:\/\/vinasfm.com\/noticias\/wp-content\/uploads\/2025\/02\/IMG-20250205-WA0043.jpg\"><img loading=\"lazy\" decoding=\"async\" class=\"alignnone size-medium wp-image-143974\" src=\"https:\/\/vinasfm.com\/noticias\/wp-content\/uploads\/2025\/02\/IMG-20250205-WA0043-300x169.jpg\" alt=\"\" width=\"300\" height=\"169\" srcset=\"https:\/\/vinasfm.com\/noticias\/wp-content\/uploads\/2025\/02\/IMG-20250205-WA0043-300x169.jpg 300w, https:\/\/vinasfm.com\/noticias\/wp-content\/uploads\/2025\/02\/IMG-20250205-WA0043-1024x577.jpg 1024w, https:\/\/vinasfm.com\/noticias\/wp-content\/uploads\/2025\/02\/IMG-20250205-WA0043-768x432.jpg 768w, https:\/\/vinasfm.com\/noticias\/wp-content\/uploads\/2025\/02\/IMG-20250205-WA0043-750x420.jpg 750w, https:\/\/vinasfm.com\/noticias\/wp-content\/uploads\/2025\/02\/IMG-20250205-WA0043-1140x641.jpg 1140w, https:\/\/vinasfm.com\/noticias\/wp-content\/uploads\/2025\/02\/IMG-20250205-WA0043.jpg 1156w\" sizes=\"auto, (max-width: 300px) 100vw, 300px\" \/><\/a><\/p>\n<p data-sourcepos=\"3:1-3:325\"><span style=\"color: #000000;\"> La obra ser\u00e1 financiada en parte con fondos del resarcimiento por la promoci\u00f3n industrial, un mecanismo que permitir\u00e1 compensar a las provincias por las p\u00e9rdidas econ\u00f3micas generadas por las pol\u00edticas de promoci\u00f3n industrial.<\/span><\/p>\n<p data-sourcepos=\"3:1-3:325\"><span style=\"color: #000000;\"> Quien tambi\u00e9n estuvo presente en General Alvear, fue el <em>Director del EPRE<\/em>, el <span style=\"color: #003366;\"><strong>Ing. Hugo Reos<\/strong><\/span>. Frente a la prensa, destac\u00f3 la importancia de esta obra, especialmente considerando las recientes dificultades en el suministro el\u00e9ctrico que ha experimentado la zona. <em><strong><span class=\"grammar correction\" title=\"En una tipograf\u00eda cuidada, use comillas tipogr\u00e1ficas.\" data-type=\"grammar\" data-suggestions=\"[{&quot;value&quot;:&quot;\u201c&quot;},{&quot;value&quot;:&quot;\u00ab&quot;}]\" data-rule=\"COMILLAS_TIPOGRAFICAS\" data-word=\"&quot;\">\u201c<\/span>Alvear ha demostrado ser vulnerable a los cortes de energ\u00eda, y este proyecto busca solucionar esa problem\u00e1tica de ra\u00edz<span class=\"grammar correction\" title=\"En una tipograf\u00eda cuidada, use comillas tipogr\u00e1ficas.\" data-type=\"grammar\" data-suggestions=\"[{&quot;value&quot;:&quot;\u201d&quot;},{&quot;value&quot;:&quot;\u00bb&quot;}]\" data-rule=\"COMILLAS_TIPOGRAFICAS\" data-word=\"&quot;\">\u201d<\/span><\/strong><\/em>, afirm\u00f3. <\/span><\/p>\n<p data-sourcepos=\"3:1-3:325\"><span style=\"color: #000000;\">El pr\u00f3ximo 13 de febrero, la Secretar\u00eda de Energ\u00eda y Ambiente realizar\u00e1 una audiencia virtual en donde se dar\u00e1n a conocer m\u00e1s detalles de esta obra. <span class=\"grammar correction\" title=\"Si el adverbio \u00abposteriormente\u00bb se refiere a toda la frase, y no solo al verbo, es recomendable usar una coma.\" data-type=\"grammar\" data-suggestions=\"[{&quot;value&quot;:&quot;Posteriormente,&quot;}]\" data-rule=\"COMMA_ADVERB\" data-word=\"Posteriormente\">Posteriormente,<\/span> <span class=\"misspelling correction\" title=\"Se ha encontrado un posible error ortogr\u00e1fico.\" data-type=\"misspelling\" data-suggestions=\"[{&quot;value&quot;:&quot;iniciara&quot;},{&quot;value&quot;:&quot;iniciar\u00e1&quot;},{&quot;value&quot;:&quot;incitara&quot;},{&quot;value&quot;:&quot;incitar\u00e1&quot;},{&quot;value&quot;:&quot;incoara&quot;},{&quot;value&quot;:&quot;incoar\u00e1&quot;},{&quot;value&quot;:&quot;insiera&quot;}]\" data-rule=\"MORFOLOGIK_RULE_ES\" data-word=\"inciar\u00e1\">iniciara<\/span> el proceso licitatorio para concretar la ejecuci\u00f3n <span class=\"grammar correction\" title=\"Construcci\u00f3n incorrecta.\" data-type=\"grammar\" data-suggestions=\"[{&quot;value&quot;:&quot;se la obre&quot;},{&quot;value&quot;:&quot;de la obra&quot;},{&quot;value&quot;:&quot;de la pobre&quot;},{&quot;value&quot;:&quot;de la ocre&quot;},{&quot;value&quot;:&quot;de la ubre&quot;},{&quot;value&quot;:&quot;de la bore&quot;}]\" data-rule=\"PREP_VERB\" data-word=\"de la obre\">de la obra<\/span>. Una vez que se obtengan todas las autorizaciones por parte de Naci\u00f3n, se podr\u00e1 dar <span class=\"misspelling correction\" title=\"Se ha encontrado un posible error ortogr\u00e1fico.\" data-type=\"misspelling\" data-suggestions=\"[{&quot;value&quot;:&quot;inicio&quot;},{&quot;value&quot;:&quot;inici\u00f3&quot;},{&quot;value&quot;:&quot;indio&quot;},{&quot;value&quot;:&quot;inciso&quot;},{&quot;value&quot;:&quot;incit\u00f3&quot;},{&quot;value&quot;:&quot;yaci\u00f3&quot;},{&quot;value&quot;:&quot;incito&quot;}]\" data-rule=\"MORFOLOGIK_RULE_ES\" data-word=\"incio\">inicio<\/span> a la <span class=\"misspelling correction\" title=\"Se ha encontrado un posible error ortogr\u00e1fico.\" data-type=\"misspelling\" data-suggestions=\"[{&quot;value&quot;:&quot;construcci\u00f3n&quot;},{&quot;value&quot;:&quot;contracci\u00f3n&quot;},{&quot;value&quot;:&quot;contricci\u00f3n&quot;}]\" data-rule=\"MORFOLOGIK_RULE_ES\" data-word=\"contrucci\u00f3n\">construcci\u00f3n<\/span>, con un plazo estipulado de 18 meses.\u00a0<\/span><\/p>\n","protected":false},"excerpt":{"rendered":"<p>En una importante noticia para el departamento, fue presentada la obra del Anillado El\u00e9ctrico de 132 kV, que unir\u00e1 San Rafael &#8230;<\/p>\n","protected":false},"author":7,"featured_media":143975,"comment_status":"open","ping_status":"open","sticky":false,"template":"","format":"standard","meta":{"footnotes":""},"categories":[1],"tags":[],"class_list":["post-143971","post","type-post","status-publish","format-standard","has-post-thumbnail","hentry","category-fmvinas"],"_links":{"self":[{"href":"https:\/\/vinasfm.com\/noticias\/wp-json\/wp\/v2\/posts\/143971","targetHints":{"allow":["GET"]}}],"collection":[{"href":"https:\/\/vinasfm.com\/noticias\/wp-json\/wp\/v2\/posts"}],"about":[{"href":"https:\/\/vinasfm.com\/noticias\/wp-json\/wp\/v2\/types\/post"}],"author":[{"embeddable":true,"href":"https:\/\/vinasfm.com\/noticias\/wp-json\/wp\/v2\/users\/7"}],"replies":[{"embeddable":true,"href":"https:\/\/vinasfm.com\/noticias\/wp-json\/wp\/v2\/comments?post=143971"}],"version-history":[{"count":2,"href":"https:\/\/vinasfm.com\/noticias\/wp-json\/wp\/v2\/posts\/143971\/revisions"}],"predecessor-version":[{"id":143976,"href":"https:\/\/vinasfm.com\/noticias\/wp-json\/wp\/v2\/posts\/143971\/revisions\/143976"}],"wp:featuredmedia":[{"embeddable":true,"href":"https:\/\/vinasfm.com\/noticias\/wp-json\/wp\/v2\/media\/143975"}],"wp:attachment":[{"href":"https:\/\/vinasfm.com\/noticias\/wp-json\/wp\/v2\/media?parent=143971"}],"wp:term":[{"taxonomy":"category","embeddable":true,"href":"https:\/\/vinasfm.com\/noticias\/wp-json\/wp\/v2\/categories?post=143971"},{"taxonomy":"post_tag","embeddable":true,"href":"https:\/\/vinasfm.com\/noticias\/wp-json\/wp\/v2\/tags?post=143971"}],"curies":[{"name":"wp","href":"https:\/\/api.w.org\/{rel}","templated":true}]}}