{"id":143965,"date":"2025-02-05T10:41:10","date_gmt":"2025-02-05T13:41:10","guid":{"rendered":"https:\/\/vinasfm.com\/noticias\/?p=143965"},"modified":"2025-02-06T10:03:08","modified_gmt":"2025-02-06T13:03:08","slug":"la-sole-jorge-rojas-q-lokura-y-ke-personajes-animaran-la-vendimia-2025","status":"publish","type":"post","link":"https:\/\/vinasfm.com\/noticias\/la-sole-jorge-rojas-q-lokura-y-ke-personajes-animaran-la-vendimia-2025\/","title":{"rendered":"LA SOLE, JORGE ROJAS, Q&#8217; LOKURA Y KE PERSONAJES ANIMAR\u00c1N LA VENDIMIA 2025"},"content":{"rendered":"<h4 class=\"description-boxed\"><span style=\"color: #000000;\">La fiesta m\u00e1xima ya tiene a sus artistas confirmados. El domingo se celebrar\u00e1 la \u00fanica repetici\u00f3n del show vendimial, con cierre folcl\u00f3rico, mientras que el lunes no habr\u00e1 Vendimia, sino que ser\u00e1 exclusivamente una noche musical.<\/span><\/h4>\n<p><span style=\"color: #000000;\">A casi un mes del\u00a0<b>Acto Central de la Vendimia 2025<\/b>, la Subsecretar\u00eda de Cultura de Mendoza confirm\u00f3 qui\u00e9nes ser\u00e1n los artistas que musicalizar\u00e1n la fiesta m\u00e1xima de los mendocinos. La edici\u00f3n de este ser\u00e1 a puro folclore, cumbia y cuarteto, de la mano de\u00a0<b>La Sole<\/b>,\u00a0<b>Jorge Rojas<\/b>,\u00a0<b>Q&#8217; Lokura<\/b>,\u00a0<b>Ke Personajes<\/b>\u00a0y el mendocino\u00a0<b>Gabi Nieto<\/b>.<\/span><\/p>\n<p><span style=\"color: #000000;\">El espect\u00e1culo \u00abGuardiana del vino eterno\u00bb se presentar\u00e1 en el Acto Central el s\u00e1bado 8 de marzo. La noche siguiente, el domingo 9, el Teatro Griego Frank Romero Day albergar\u00e1 la primera y \u00fanica repetici\u00f3n del show vendimial, para luego dar lugar a Soledad Pastorutti, m\u00e1s conocida como \u00abLa Sole\u00bb, y a Jorge Rojas.<\/span><\/p>\n<p><span style=\"color: #000000;\">El lunes 10 de marzo se celebrar\u00e1 la tercera noche, solo musical, que ser\u00e1 dedicada exclusivamente a los shows del Q&#8217; Lokura, Ke Personajes y el mendocino Gabi Nieto. Este \u00faltimo participar\u00e1 por primera vez de la Vendimia. El grupo liderado por Emmanuel Noir estar\u00e1 cerrando la noche.<\/span><\/p>\n","protected":false},"excerpt":{"rendered":"<p>La fiesta m\u00e1xima ya tiene a sus artistas confirmados. El domingo se celebrar\u00e1 la \u00fanica repetici\u00f3n del show vendimial, con cierre &#8230;<\/p>\n","protected":false},"author":7,"featured_media":143970,"comment_status":"open","ping_status":"open","sticky":false,"template":"","format":"standard","meta":{"footnotes":""},"categories":[19,25],"tags":[],"class_list":["post-143965","post","type-post","status-publish","format-standard","has-post-thumbnail","hentry","category-cultura","category-vendimia"],"_links":{"self":[{"href":"https:\/\/vinasfm.com\/noticias\/wp-json\/wp\/v2\/posts\/143965","targetHints":{"allow":["GET"]}}],"collection":[{"href":"https:\/\/vinasfm.com\/noticias\/wp-json\/wp\/v2\/posts"}],"about":[{"href":"https:\/\/vinasfm.com\/noticias\/wp-json\/wp\/v2\/types\/post"}],"author":[{"embeddable":true,"href":"https:\/\/vinasfm.com\/noticias\/wp-json\/wp\/v2\/users\/7"}],"replies":[{"embeddable":true,"href":"https:\/\/vinasfm.com\/noticias\/wp-json\/wp\/v2\/comments?post=143965"}],"version-history":[{"count":1,"href":"https:\/\/vinasfm.com\/noticias\/wp-json\/wp\/v2\/posts\/143965\/revisions"}],"predecessor-version":[{"id":143966,"href":"https:\/\/vinasfm.com\/noticias\/wp-json\/wp\/v2\/posts\/143965\/revisions\/143966"}],"wp:featuredmedia":[{"embeddable":true,"href":"https:\/\/vinasfm.com\/noticias\/wp-json\/wp\/v2\/media\/143970"}],"wp:attachment":[{"href":"https:\/\/vinasfm.com\/noticias\/wp-json\/wp\/v2\/media?parent=143965"}],"wp:term":[{"taxonomy":"category","embeddable":true,"href":"https:\/\/vinasfm.com\/noticias\/wp-json\/wp\/v2\/categories?post=143965"},{"taxonomy":"post_tag","embeddable":true,"href":"https:\/\/vinasfm.com\/noticias\/wp-json\/wp\/v2\/tags?post=143965"}],"curies":[{"name":"wp","href":"https:\/\/api.w.org\/{rel}","templated":true}]}}