{"id":143933,"date":"2025-02-04T09:26:30","date_gmt":"2025-02-04T12:26:30","guid":{"rendered":"https:\/\/vinasfm.com\/noticias\/?p=143933"},"modified":"2025-02-06T10:42:04","modified_gmt":"2025-02-06T13:42:04","slug":"el-cancer-es-la-segunda-causa-de-muerte-en-america-y-mendoza-no-escapa-a-las-estadisticas-regionales","status":"publish","type":"post","link":"https:\/\/vinasfm.com\/noticias\/el-cancer-es-la-segunda-causa-de-muerte-en-america-y-mendoza-no-escapa-a-las-estadisticas-regionales\/","title":{"rendered":"EL C\u00c1NCER ES LA SEGUNDA CAUSA DE MUERTE EN AM\u00c9RICA Y MENDOZA NO ESCAPA A LAS ESTAD\u00cdSTICAS REGIONALES"},"content":{"rendered":"<h4><span style=\"color: #000000;\"><strong>Los c\u00e1nceres de mama, pr\u00f3stata y colon-recto son las m\u00e1s comunes.<\/strong><\/span><\/h4>\n<p><span style=\"color: #000000;\">El c\u00e1ncer es una\u00a0 <strong>enfermedad no transmisible<\/strong> <em>(ENT)<\/em>, es decir que no se contagia de persona a persona sino que est\u00e1 relacionada con distintos factores de riesgo. <strong>Otras ENT son la diabetes, enfermedades cardiovasculares, enfermedades respiratorias cr\u00f3nicas y enfermedad renal.<\/strong><\/span><\/p>\n<p><span style=\"color: #000000;\">A nivel regional, el c\u00e1ncer es la segunda causa de muerte en Am\u00e9rica, antecedida por\u00a0enfermedades card\u00edacas.<strong> Los factores de riesgo que pueden contribuyen al desarrollo de ENT son tabaquismo, mala alimentaci\u00f3n, falta de actividad f\u00edsica, consumo excesivo de alcohol, estr\u00e9s o ansiedad, niveles elevados de colesterol y triglic\u00e9ridos.<\/strong><\/span><\/p>\n<p><span style=\"color: #000000;\">La <strong>Agencia Internacional para la Investigaci\u00f3n del C\u00e1ncer<\/strong> <em>(IARC-OMS)<\/em> y la <strong>Uni\u00f3n Internacional contra el C\u00e1ncer<\/strong> <em>(UICC)<\/em> llevan a cabo estimaciones sobre la incidencia del c\u00e1ncer bas\u00e1ndose en registros de base poblaciones. En este contexto Mendoza se destaca por la calidad de sus datos siendo un referente nacional y latinoamericano.<\/span><\/p>\n<p><span style=\"color: #000000;\">La Provincia<strong> hace hincapi\u00e9 en el an\u00e1lisis estad\u00edstico ya que permite interpretar los datos con precisi\u00f3n, lo que facilita la formulaci\u00f3n de pol\u00edticas p\u00fablicas de prevenci\u00f3n y tratamiento basadas en la evidencia<\/strong>. Esta pol\u00edtica de Estado se debe a que el c\u00e1ncer es una enfermedad que puede prevenirse, tratarse y curarse. La detecci\u00f3n a tiempo\u00a0favorece al tratamiento\u00a0y a la curaci\u00f3n.<\/span><\/p>\n<h2><span style=\"color: #000000;\"><strong>Datos de c\u00e1ncer en Mendoza<\/strong><\/span><\/h2>\n<p><span style=\"color: #000000;\">Este <strong>Registro Provincial de Tumores de la Provincia<\/strong> <em>(RPT)<\/em> <strong>se encuentra en funcionamiento desde el a\u00f1o 2003 y regulado por la ley 6550\/1997 y el Decreto Reglamentario 2895\/2000 depende de la Direcci\u00f3n General de Epidemiolog\u00eda y Gesti\u00f3n Integral de la Calidad en Salud de la Subsecretaria de Salud del Ministerio de Salud y Deportes.<\/strong> Los profesionales a cargo del departamento son los que realizan los seguimientos estad\u00edsticos para luego generar pol\u00edticas p\u00fablicas efectivas.<\/span><\/p>\n<p><span style=\"color: #000000;\">Las estad\u00edsticas sobre c\u00e1ncer en Mendoza se actualizan cada quinquenio (5 a\u00f1os).<strong> La \u00faltima disponible abarca el per\u00edodo (2013-2017) y actualmente el RPT est\u00e1 procesando los datos (2018-2022).<\/strong> Es importante aclarar que es una enfermedad no transmisible y la misma es de larga duraci\u00f3n y su evoluci\u00f3n es generalmente lenta.<\/span><\/p>\n<p><strong><span style=\"color: #000000;\">C\u00e1ncer en Mendoza tiene datos relevantes (2014 al 2018). Seg\u00fan an\u00e1lisis realizado por la Sala de Situaci\u00f3n son:<\/span><\/strong><\/p>\n<h3><span style=\"color: #000000;\">MUJERES<\/span><\/h3>\n<p><img decoding=\"async\" src=\"https:\/\/www.mendoza.gov.ar\/wp-content\/uploads\/sites\/5\/2025\/02\/cuadro1-700x394.jpg\" \/><\/p>\n<h3>HOMBRES<\/h3>\n<p><img decoding=\"async\" src=\"https:\/\/www.mendoza.gov.ar\/wp-content\/uploads\/sites\/5\/2025\/02\/cuadro2-1-700x394.jpg\" \/><\/p>\n<p><span style=\"color: #000000;\"><strong>D\u00eda mundial de lucha contra el c\u00e1ncer 2025<\/strong><\/span><\/p>\n<p><span style=\"color: #000000;\">El 4 de Febrero\u00a0 se conmemora el d\u00eda mundial del c\u00e1ncer, no es una fecha para celebrar sino para tomar conciencia y destacar su impacto global. Para el per\u00edodo 2025 \u2013 2027 la Organizaci\u00f3n Mundial de la Salud OMS ha adoptado el lema <em>\u00abUnidos por lo \u00fanico\u00bb<\/em>, una campa\u00f1a que pone a las personas en el centro de atenci\u00f3n y busca explorar nuevas formas de generar un impacto positivo en la prevenci\u00f3n y el tratamiento del c\u00e1ncer.<\/span><\/p>\n","protected":false},"excerpt":{"rendered":"<p>Los c\u00e1nceres de mama, pr\u00f3stata y colon-recto son las m\u00e1s comunes. El c\u00e1ncer es una\u00a0 enfermedad no transmisible (ENT), es decir &#8230;<\/p>\n","protected":false},"author":7,"featured_media":143934,"comment_status":"open","ping_status":"open","sticky":false,"template":"","format":"standard","meta":{"footnotes":""},"categories":[10,15],"tags":[],"class_list":["post-143933","post","type-post","status-publish","format-standard","has-post-thumbnail","hentry","category-destacadas","category-salud"],"_links":{"self":[{"href":"https:\/\/vinasfm.com\/noticias\/wp-json\/wp\/v2\/posts\/143933","targetHints":{"allow":["GET"]}}],"collection":[{"href":"https:\/\/vinasfm.com\/noticias\/wp-json\/wp\/v2\/posts"}],"about":[{"href":"https:\/\/vinasfm.com\/noticias\/wp-json\/wp\/v2\/types\/post"}],"author":[{"embeddable":true,"href":"https:\/\/vinasfm.com\/noticias\/wp-json\/wp\/v2\/users\/7"}],"replies":[{"embeddable":true,"href":"https:\/\/vinasfm.com\/noticias\/wp-json\/wp\/v2\/comments?post=143933"}],"version-history":[{"count":1,"href":"https:\/\/vinasfm.com\/noticias\/wp-json\/wp\/v2\/posts\/143933\/revisions"}],"predecessor-version":[{"id":143935,"href":"https:\/\/vinasfm.com\/noticias\/wp-json\/wp\/v2\/posts\/143933\/revisions\/143935"}],"wp:featuredmedia":[{"embeddable":true,"href":"https:\/\/vinasfm.com\/noticias\/wp-json\/wp\/v2\/media\/143934"}],"wp:attachment":[{"href":"https:\/\/vinasfm.com\/noticias\/wp-json\/wp\/v2\/media?parent=143933"}],"wp:term":[{"taxonomy":"category","embeddable":true,"href":"https:\/\/vinasfm.com\/noticias\/wp-json\/wp\/v2\/categories?post=143933"},{"taxonomy":"post_tag","embeddable":true,"href":"https:\/\/vinasfm.com\/noticias\/wp-json\/wp\/v2\/tags?post=143933"}],"curies":[{"name":"wp","href":"https:\/\/api.w.org\/{rel}","templated":true}]}}