{"id":143930,"date":"2025-02-04T09:14:14","date_gmt":"2025-02-04T12:14:14","guid":{"rendered":"https:\/\/vinasfm.com\/noticias\/?p=143930"},"modified":"2025-02-06T10:42:22","modified_gmt":"2025-02-06T13:42:22","slug":"productores-evaluan-los-danos-ocasionados-por-la-ultima-tormenta","status":"publish","type":"post","link":"https:\/\/vinasfm.com\/noticias\/productores-evaluan-los-danos-ocasionados-por-la-ultima-tormenta\/","title":{"rendered":"PRODUCTORES EVAL\u00daAN LOS DA\u00d1OS OCASIONADOS POR LA \u00daLTIMA TORMENTA"},"content":{"rendered":"<h4><span style=\"color: #000000;\">Una fuerte tormenta de granizo azot\u00f3 el departamento de General Alvear en la tarde del domingo, causando da\u00f1os en cultivos de la zona norte.<\/span><\/h4>\n<p><span style=\"color: #000000;\">Seg\u00fan inform\u00f3 el <em>director de Agricultura<\/em>, <span style=\"color: #003366;\"><strong>Agust\u00edn Anzorena<\/strong><\/span>, <strong>la tormenta se desarroll\u00f3 en dos etapas.<\/strong> La primera <strong>afect\u00f3 principalmente las zonas de Carmensa y Bowen, mientras que la segunda se concentr\u00f3 en el norte del departamento, incluyendo Jaime Prats, El Juncalito, La Olla y Real del Padre.<\/strong><\/span><\/p>\n<p><span style=\"color: #000000;\"><em><strong>\u00abLa tormenta fue de gran magnitud y, a pesar del trabajo de los aviones antigranizo, el granizo logr\u00f3 alcanzar el suelo en algunas zonas\u00bb<\/strong><\/em>, se\u00f1al\u00f3 Anzorena. El funcionario indic\u00f3 que se est\u00e1n realizando recorridos por las zonas afectadas para evaluar los da\u00f1os de manera m\u00e1s precisa.<\/span><\/p>\n<p><span style=\"color: #000000;\">Adem\u00e1s, los productores de la zona se encuentran evaluando las p\u00e9rdidas causadas por la tormenta.<strong> El tama\u00f1o y la intensidad del granizo pueden afectar significativamente los cultivos, especialmente los frutales y hortalizas.<\/strong><\/span><\/p>\n<p><span style=\"color: #000000;\">Si bien, el Gobierno Provincial ha implementado un sistema de aviones antigranizo para mitigar los efectos de estas tormentas, las condiciones clim\u00e1ticas extremas pueden dificultar la tarea de los aviones. <strong>Las autoridades locales se encuentran trabajando para asistir a los productores afectados y evaluar las medidas necesarias para mitigar los da\u00f1os causados por la tormenta.<\/strong><\/span><\/p>\n","protected":false},"excerpt":{"rendered":"<p>Una fuerte tormenta de granizo azot\u00f3 el departamento de General Alvear en la tarde del domingo, causando da\u00f1os en cultivos de &#8230;<\/p>\n","protected":false},"author":7,"featured_media":143931,"comment_status":"open","ping_status":"open","sticky":false,"template":"","format":"standard","meta":{"footnotes":""},"categories":[14,10],"tags":[],"class_list":["post-143930","post","type-post","status-publish","format-standard","has-post-thumbnail","hentry","category-agro","category-destacadas"],"_links":{"self":[{"href":"https:\/\/vinasfm.com\/noticias\/wp-json\/wp\/v2\/posts\/143930","targetHints":{"allow":["GET"]}}],"collection":[{"href":"https:\/\/vinasfm.com\/noticias\/wp-json\/wp\/v2\/posts"}],"about":[{"href":"https:\/\/vinasfm.com\/noticias\/wp-json\/wp\/v2\/types\/post"}],"author":[{"embeddable":true,"href":"https:\/\/vinasfm.com\/noticias\/wp-json\/wp\/v2\/users\/7"}],"replies":[{"embeddable":true,"href":"https:\/\/vinasfm.com\/noticias\/wp-json\/wp\/v2\/comments?post=143930"}],"version-history":[{"count":1,"href":"https:\/\/vinasfm.com\/noticias\/wp-json\/wp\/v2\/posts\/143930\/revisions"}],"predecessor-version":[{"id":143932,"href":"https:\/\/vinasfm.com\/noticias\/wp-json\/wp\/v2\/posts\/143930\/revisions\/143932"}],"wp:featuredmedia":[{"embeddable":true,"href":"https:\/\/vinasfm.com\/noticias\/wp-json\/wp\/v2\/media\/143931"}],"wp:attachment":[{"href":"https:\/\/vinasfm.com\/noticias\/wp-json\/wp\/v2\/media?parent=143930"}],"wp:term":[{"taxonomy":"category","embeddable":true,"href":"https:\/\/vinasfm.com\/noticias\/wp-json\/wp\/v2\/categories?post=143930"},{"taxonomy":"post_tag","embeddable":true,"href":"https:\/\/vinasfm.com\/noticias\/wp-json\/wp\/v2\/tags?post=143930"}],"curies":[{"name":"wp","href":"https:\/\/api.w.org\/{rel}","templated":true}]}}