{"id":143927,"date":"2025-02-03T12:13:45","date_gmt":"2025-02-03T15:13:45","guid":{"rendered":"https:\/\/vinasfm.com\/noticias\/?p=143927"},"modified":"2025-02-03T12:13:45","modified_gmt":"2025-02-03T15:13:45","slug":"comenzaron-las-actividades-de-la-colonia-de-verano-para-adultos-mayores","status":"publish","type":"post","link":"https:\/\/vinasfm.com\/noticias\/comenzaron-las-actividades-de-la-colonia-de-verano-para-adultos-mayores\/","title":{"rendered":"COMENZARON LAS ACTIVIDADES DE LA COLONIA DE VERANO PARA ADULTOS MAYORES"},"content":{"rendered":"<h4><span style=\"color: #000000;\">Durante la ma\u00f1ana del lunes en el polideportivo Deportistas Alvearenses, comenz\u00f3 la Colonia del Adulto Mayor, con una gran convocatoria y entusiasmo, este espacio ha sido propuesto para la recreaci\u00f3n, el deporte y la integraci\u00f3n social de los adultos del departamento. <\/span><\/h4>\n<p><span style=\"color: #000000;\">El <em>director de Deportes<\/em>, <span style=\"color: #003366;\"><strong>Alberto G\u00f3mez<\/strong><\/span>, destac\u00f3 la excelente participaci\u00f3n en esta edici\u00f3n: <em><strong>\u00abHoy estamos iniciando la colonia del adulto mayor con un gran n\u00famero de participantes. Nos est\u00e1n visitando colonos de la Ciudad, Carmensa, Oeste y Bowen, cada uno con su propia din\u00e1mica de actividades y traslados para garantizar su comodidad\u00bb.<\/strong><\/em><\/span><\/p>\n<p><span style=\"color: #000000;\">Esta colonia con alrededor de 150 inscriptos hasta el momento, funcionar\u00e1 durante todo el mes de febrero. <strong>Las actividades se desarrollar\u00e1n en el Polideportivo de Ciudad los lunes, mi\u00e9rcoles y viernes, mientras que Carmensa tendr\u00e1 encuentros los viernes en su propio polideportivo. Adem\u00e1s, la colonia de Bowen funcionar\u00e1 tres veces por semana en el Polideportivo del Distrito. <\/strong><\/span><\/p>\n<p><span style=\"color: #000000;\">Es importante destacar, que la colonia <strong>es totalmente gratuita para los jubilados<\/strong>, lo que facilita el acceso a todas las propuestas recreativas y deportivas y a su vez, las inscripciones siguen abiertas y <strong>se cuenta con un equipo de profesores capacitados para cubrir la demanda y adaptar las actividades a las necesidades de cada participante.<\/strong><\/span><\/p>\n<p><img loading=\"lazy\" decoding=\"async\" class=\"\" src=\"https:\/\/scontent.fmdz5-1.fna.fbcdn.net\/v\/t39.30808-6\/475774874_931005582563047_1985352348392712366_n.jpg?_nc_cat=101&amp;ccb=1-7&amp;_nc_sid=833d8c&amp;_nc_eui2=AeFvKTGumSIRkQkxDoJ9Gwj-uU6AqbkUiWK5ToCpuRSJYrOPhtlJ9W6glJnoa8CDoqlOUKxdHEmC7iFdbga5g9Ok&amp;_nc_ohc=6FkUGzxCj8IQ7kNvgEiTn7O&amp;_nc_oc=Adiv7hDlaDVc4MRcyGQ2fQvEl-xJZBNdi21F1aYP4qaXq5Rl-hMA0KyzVsz6cY8CbXs&amp;_nc_zt=23&amp;_nc_ht=scontent.fmdz5-1.fna&amp;_nc_gid=AQUdrj1ttPUGiI9GOl10-y4&amp;oh=00_AYCY8nQv2gPEvhXeINpWyfHyo5Xh7af-23R_dAqb50uGRQ&amp;oe=67A6A2D2\" alt=\"Puede ser una imagen de 14 personas\" width=\"310\" height=\"174\" \/> <img loading=\"lazy\" decoding=\"async\" class=\"\" src=\"https:\/\/scontent.fmdz4-1.fna.fbcdn.net\/v\/t39.30808-6\/475771780_931005535896385_4375819838575886537_n.jpg?_nc_cat=105&amp;ccb=1-7&amp;_nc_sid=833d8c&amp;_nc_eui2=AeGb31sB66V2nBOcMTnRWPx8L0ZaDYh-YW4vRloNiH5hbjuMOxWVmXdXg9WspHqrdT9hnpi1UCmdqEiHZSMOmmzB&amp;_nc_ohc=bkxpbZlhG4YQ7kNvgGIfg22&amp;_nc_oc=AdgiPyF8QKLsSzdwbbhB2DIyXJ_Fm7Ka3YjWifEa9s1_fxF7nRrN0r1PN5j7BCU63F4&amp;_nc_zt=23&amp;_nc_ht=scontent.fmdz4-1.fna&amp;_nc_gid=Aa8AwVfTMxrrM7ZS7L5_Bi-&amp;oh=00_AYDd4_173ins2OCV_LRS05U-MVoz1hSAHIJaRXW3rzX_wg&amp;oe=67A6BDE9\" alt=\"Puede ser una imagen de 11 personas y tabla\" width=\"310\" height=\"174\" \/><\/p>\n<p><span style=\"color: #000000;\">Las propuestas abarcan desde actividades recreativas, deportivas, hasta programas de salud, tanto en el agua como fuera de ella, adaptadas a diferentes intereses y capacidades f\u00edsicas. Se prioriza la integraci\u00f3n y el bienestar emocional, aspectos que son valorados por los propios participantes.<\/span><\/p>\n<p><span style=\"color: #000000;\"><span style=\"color: #003366;\"><strong>Isabel<\/strong><\/span>, una de las integrantes de la colonia, comparti\u00f3 su emotiva experiencia:<strong> \u00abFue maravilloso porque encontramos en nuestros compa\u00f1eros y profesores una familia. Nos dio una nueva forma de vivir, de sentirnos integrados. Es hermoso levantarse con alegr\u00eda, compartir con otros, renovarse y sentir que la vida a\u00fan tiene mucho para ofrecernos\u00bb.<\/strong><\/span><\/p>\n<p><img loading=\"lazy\" decoding=\"async\" class=\"\" src=\"https:\/\/scontent.fmdz5-1.fna.fbcdn.net\/v\/t39.30808-6\/475901083_931005479229724_3422405013685939104_n.jpg?_nc_cat=110&amp;ccb=1-7&amp;_nc_sid=833d8c&amp;_nc_eui2=AeHZGNhbe-mUmE1b1w1A57rnA0l4aHR84kcDSXhodHziR8n0XXQGkxxvmDCJoQZrnoDTbfZ-742KhsJMFRanhqlq&amp;_nc_ohc=FCXYWTw7V4MQ7kNvgGSpUfV&amp;_nc_oc=AdiBtOGZNTVHE2XgALviDWeyM_M15Poxbdn2IAtnDdBitkO5e8V8Z_MQKFKQDhAoolk&amp;_nc_zt=23&amp;_nc_ht=scontent.fmdz5-1.fna&amp;_nc_gid=AHsjnSqOww1smlRpdmDNPmo&amp;oh=00_AYCWT0Tx6MwjW0alim7OBCWMc1_NdbcqP7hf3toc8rU95Q&amp;oe=67A6978E\" alt=\"Puede ser una imagen de 4 personas, personas sonriendo y personas bailando\" width=\"305\" height=\"171\" \/> <img loading=\"lazy\" decoding=\"async\" class=\"\" src=\"https:\/\/scontent.fmdz5-1.fna.fbcdn.net\/v\/t39.30808-6\/475806169_931005379229734_781262699056502846_n.jpg?_nc_cat=110&amp;ccb=1-7&amp;_nc_sid=833d8c&amp;_nc_eui2=AeH9RkSxIYdRS9IQB4IPjPUiKxZKmEQMK1ArFkqYRAwrUPB5go_1B1Ydn7iL78PHM7ryg0m-oWfBzBBMYR1-Z_eW&amp;_nc_ohc=YcARFIf1O60Q7kNvgENwYDs&amp;_nc_oc=AdhhMnZBbz8Fuf2ksCx7l4dAejZ-AES1MRHIaQHqQHm36yjhzOFdXQ5F49cPmWpbj9w&amp;_nc_zt=23&amp;_nc_ht=scontent.fmdz5-1.fna&amp;_nc_gid=A1vHWPKo1d_MWDBvXb7eDAR&amp;oh=00_AYDv6C6TtuCLvErKoYkT8Pe6ksTMZAEHKBMa8ieYP7yQfw&amp;oe=67A6985C\" alt=\"Puede ser una imagen de 4 personas y multitud\" width=\"305\" height=\"171\" \/><\/p>\n<p><span style=\"color: #000000;\">A su vez tambi\u00e9n destac\u00f3 la importancia de la colonia no solo como un espacio de actividad f\u00edsica, sino como un lugar de encuentro, contenci\u00f3n y amistad: \u00ab<em><strong>Ac\u00e1 se puede solucionar todo con el coraz\u00f3n y la mente. La calidad humana de los profesores es incre\u00edble, se han convertido en parte de nuestra familia. Nos acompa\u00f1an en cumplea\u00f1os, en reuniones, y nos hacen sentir muy felices en esta etapa de la vida\u00bb.<\/strong><\/em><\/span><\/p>\n<p><span style=\"color: #000000;\">La Colonia del Adulto Mayor es una propuesta que promueve el ejercicio f\u00edsico, adem\u00e1s de fortalecer lazos sociales, fomentar la autonom\u00eda y contribuir al bienestar emocional de quienes participan.<\/span><\/p>\n","protected":false},"excerpt":{"rendered":"<p>Durante la ma\u00f1ana del lunes en el polideportivo Deportistas Alvearenses, comenz\u00f3 la Colonia del Adulto Mayor, con una gran convocatoria y &#8230;<\/p>\n","protected":false},"author":7,"featured_media":143928,"comment_status":"open","ping_status":"open","sticky":false,"template":"","format":"standard","meta":{"footnotes":""},"categories":[1],"tags":[],"class_list":["post-143927","post","type-post","status-publish","format-standard","has-post-thumbnail","hentry","category-fmvinas"],"_links":{"self":[{"href":"https:\/\/vinasfm.com\/noticias\/wp-json\/wp\/v2\/posts\/143927","targetHints":{"allow":["GET"]}}],"collection":[{"href":"https:\/\/vinasfm.com\/noticias\/wp-json\/wp\/v2\/posts"}],"about":[{"href":"https:\/\/vinasfm.com\/noticias\/wp-json\/wp\/v2\/types\/post"}],"author":[{"embeddable":true,"href":"https:\/\/vinasfm.com\/noticias\/wp-json\/wp\/v2\/users\/7"}],"replies":[{"embeddable":true,"href":"https:\/\/vinasfm.com\/noticias\/wp-json\/wp\/v2\/comments?post=143927"}],"version-history":[{"count":1,"href":"https:\/\/vinasfm.com\/noticias\/wp-json\/wp\/v2\/posts\/143927\/revisions"}],"predecessor-version":[{"id":143929,"href":"https:\/\/vinasfm.com\/noticias\/wp-json\/wp\/v2\/posts\/143927\/revisions\/143929"}],"wp:featuredmedia":[{"embeddable":true,"href":"https:\/\/vinasfm.com\/noticias\/wp-json\/wp\/v2\/media\/143928"}],"wp:attachment":[{"href":"https:\/\/vinasfm.com\/noticias\/wp-json\/wp\/v2\/media?parent=143927"}],"wp:term":[{"taxonomy":"category","embeddable":true,"href":"https:\/\/vinasfm.com\/noticias\/wp-json\/wp\/v2\/categories?post=143927"},{"taxonomy":"post_tag","embeddable":true,"href":"https:\/\/vinasfm.com\/noticias\/wp-json\/wp\/v2\/tags?post=143927"}],"curies":[{"name":"wp","href":"https:\/\/api.w.org\/{rel}","templated":true}]}}