{"id":143922,"date":"2025-02-03T12:05:40","date_gmt":"2025-02-03T15:05:40","guid":{"rendered":"https:\/\/vinasfm.com\/noticias\/?p=143922"},"modified":"2025-02-03T12:05:40","modified_gmt":"2025-02-03T15:05:40","slug":"desde-habitat-anunciaron-la-licitacion-del-b-alimentacion-v-etapa-2","status":"publish","type":"post","link":"https:\/\/vinasfm.com\/noticias\/desde-habitat-anunciaron-la-licitacion-del-b-alimentacion-v-etapa-2\/","title":{"rendered":"DESDE H\u00c1BITAT ANUNCIARON LA LICITACI\u00d3N DEL B\u00b0 ALIMENTACI\u00d3N V, ETAPA 2"},"content":{"rendered":"<h4><span style=\"color: #000000;\">El municipio de General Alvear anunci\u00f3 una importante noticia para las familias <span class=\"error misspelling\" title=\"Se ha encontrado un posible error ortogr\u00e1fico.\" data-type=\"misspelling\" data-suggestions=\"[{&quot;value&quot;:&quot;albeldenses&quot;}]\" data-rule=\"MORFOLOGIK_RULE_ES\" data-word=\"alvearenses\">alvearenses<\/span>: la licitaci\u00f3n del Barrio Alimentaci\u00f3n V, etapa 2. Esta iniciativa permitir\u00e1 construir 38 nuevas viviendas y dar respuesta a una demanda hist\u00f3rica en el departamento.<\/span><\/h4>\n<p><span style=\"color: #000000;\"> El <em>director de <span class=\"misspelling correction\" title=\"Se ha encontrado un posible error ortogr\u00e1fico.\" data-type=\"misspelling\" data-suggestions=\"[{&quot;value&quot;:&quot;H\u00e1bitat&quot;},{&quot;value&quot;:&quot;Habitan&quot;},{&quot;value&quot;:&quot;Habita&quot;},{&quot;value&quot;:&quot;H\u00e1bitats&quot;},{&quot;value&quot;:&quot;Habitar&quot;},{&quot;value&quot;:&quot;Habitad&quot;},{&quot;value&quot;:&quot;Habitas&quot;}]\" data-rule=\"MORFOLOGIK_RULE_ES\" data-word=\"Habitat\">H\u00e1bitat<\/span> de la Comuna<\/em>, <strong><span style=\"color: #003366;\">Mauricio Campos<\/span><\/strong>, destac\u00f3 que <em><strong><span class=\"grammar correction\" title=\"En una tipograf\u00eda cuidada, use comillas tipogr\u00e1ficas.\" data-type=\"grammar\" data-suggestions=\"[{&quot;value&quot;:&quot;\u201c&quot;},{&quot;value&quot;:&quot;\u00ab&quot;}]\" data-rule=\"COMILLAS_TIPOGRAFICAS\" data-word=\"&quot;\">\u201c<\/span>esta es la primera licitaci\u00f3n de viviendas en la provincia durante este a\u00f1o<span class=\"grammar correction\" title=\"En una tipograf\u00eda cuidada, use comillas tipogr\u00e1ficas.\" data-type=\"grammar\" data-suggestions=\"[{&quot;value&quot;:&quot;\u201d&quot;},{&quot;value&quot;:&quot;\u00bb&quot;}]\" data-rule=\"COMILLAS_TIPOGRAFICAS\" data-word=\"&quot;\">\u201d<\/span>.<\/strong><\/em>\u00a0 Esta nueva <span class=\"misspelling correction\" title=\"Se ha encontrado un posible error ortogr\u00e1fico.\" data-type=\"misspelling\" data-suggestions=\"[{&quot;value&quot;:&quot;estaba&quot;},{&quot;value&quot;:&quot;etapa&quot;},{&quot;value&quot;:&quot;estar\u00e1&quot;},{&quot;value&quot;:&quot;escapa&quot;},{&quot;value&quot;:&quot;estaca&quot;},{&quot;value&quot;:&quot;estafa&quot;},{&quot;value&quot;:&quot;estampa&quot;}]\" data-rule=\"MORFOLOGIK_RULE_ES\" data-word=\"estapa\">etapa<\/span> <strong>se construir\u00e1 detr\u00e1s de la <span class=\"misspelling correction\" title=\"Se ha encontrado un posible error ortogr\u00e1fico.\" data-type=\"misspelling\" data-suggestions=\"[{&quot;value&quot;:&quot;estaba&quot;},{&quot;value&quot;:&quot;etapa&quot;},{&quot;value&quot;:&quot;estar\u00e1&quot;},{&quot;value&quot;:&quot;escapa&quot;},{&quot;value&quot;:&quot;estaca&quot;},{&quot;value&quot;:&quot;estafa&quot;},{&quot;value&quot;:&quot;estampa&quot;}]\" data-rule=\"MORFOLOGIK_RULE_ES\" data-word=\"estapa\">etapa<\/span> 1 del Barrio Alimentaci\u00f3n V, en inmediaciones de Calle 4 y Juan Pablo I, en cercan\u00edas a la cancha del Alvear Rugby Club.<\/strong> Las obras de urbanizaci\u00f3n ya han comenzado, lo que permitir\u00e1 iniciar la construcci\u00f3n de las viviendas a la brevedad. <\/span><\/p>\n<p><span style=\"color: #000000;\"><strong>La apertura de sobres para la licitaci\u00f3n se llevar\u00e1 a cabo el 25 de febrero, fecha en la que se conocer\u00e1 la empresa encargada de ejecutar la obra.<\/strong> Los adjudicatarios deber\u00e1n presentar la documentaci\u00f3n requerida por la entidad correspondiente para avanzar en el proceso administrativo.\u00a0Adem\u00e1s, <span class=\"error grammar\" title=\"Posible error de ortograf\u00eda.\" data-type=\"grammar\" data-suggestions=\"[{&quot;value&quot;:&quot;Campo Santo&quot;}]\" data-rule=\"ES_MULTITOKEN_SPELLING_TWO\" data-word=\"Campos sa\u00f1al\u00f3\">Campos sa\u00f1al\u00f3<\/span> que <em><strong><span class=\"grammar correction\" title=\"En una tipograf\u00eda cuidada, use comillas tipogr\u00e1ficas.\" data-type=\"grammar\" data-suggestions=\"[{&quot;value&quot;:&quot;\u201c&quot;},{&quot;value&quot;:&quot;\u00ab&quot;}]\" data-rule=\"COMILLAS_TIPOGRAFICAS\" data-word=\"&quot;\">\u201c<\/span>se ha trabajado mucho desde la parte social, evaluando a cada una de las familias inscriptas para acceder a las viviendas<span class=\"grammar correction\" title=\"En una tipograf\u00eda cuidada, use comillas tipogr\u00e1ficas.\" data-type=\"grammar\" data-suggestions=\"[{&quot;value&quot;:&quot;\u201d&quot;},{&quot;value&quot;:&quot;\u00bb&quot;}]\" data-rule=\"COMILLAS_TIPOGRAFICAS\" data-word=\"&quot;\">\u201d<\/span>. <\/strong><\/em><\/span><\/p>\n<p><span style=\"color: #000000;\">Para aquellos interesados en acceder a una vivienda propia, es fundamental inscribirse en Registro de Necesidades Habitacionales (<span class=\"error misspelling\" title=\"Se ha encontrado un posible error ortogr\u00e1fico.\" data-type=\"misspelling\" data-suggestions=\"[{&quot;value&quot;:&quot;RENTABLE&quot;},{&quot;value&quot;:&quot;RENACI\u00d3&quot;},{&quot;value&quot;:&quot;INH\u00c1BIL&quot;},{&quot;value&quot;:&quot;RENAC\u00cdA&quot;},{&quot;value&quot;:&quot;RESABIO&quot;},{&quot;value&quot;:&quot;RENTABA&quot;},{&quot;value&quot;:&quot;RENTABAN&quot;}]\" data-rule=\"MORFOLOGIK_RULE_ES\" data-word=\"RENHABIT\">RENHABIT<\/span>) de Mendoza. <strong>En General Alvear, existe una gran demanda habitacional, por lo que se recomienda estar al d\u00eda con los tr\u00e1mites y requisitos. Adem\u00e1s del barrio Alimentaci\u00f3n V, se encuentran en desarrollo otros proyectos habitacionales en Bowen y Alvear Oeste. <\/strong>El objetivo es seguir trabajando en la ampliaci\u00f3n de la oferta de viviendas y mejorar la calidad de vida de los ciudadanos. <\/span><\/p>\n<p><span style=\"color: #000000;\">Mauricio Campos expres\u00f3 su satisfacci\u00f3n por este nuevo logro y destac\u00f3 la importancia de trabajar en conjunto con la comunidad para encontrar soluciones habitacionales. Asimismo, resalt\u00f3 el compromiso de la municipalidad en brindar un mejor futuro a las familias de General Alvear.<\/span><\/p>\n<p><span style=\"color: #000000;\"><em><strong><span class=\"grammar correction\" title=\"En una tipograf\u00eda cuidada, use comillas tipogr\u00e1ficas.\" data-type=\"grammar\" data-suggestions=\"[{&quot;value&quot;:&quot;\u201c&quot;},{&quot;value&quot;:&quot;\u00ab&quot;}]\" data-rule=\"COMILLAS_TIPOGRAFICAS\" data-word=\"&quot;\">\u201c<\/span>La necesidad no descansa, por eso es importante para que los vecinos puedan acceder a la vivienda propia<span class=\"grammar correction\" title=\"En una tipograf\u00eda cuidada, use comillas tipogr\u00e1ficas.\" data-type=\"grammar\" data-suggestions=\"[{&quot;value&quot;:&quot;\u201d&quot;},{&quot;value&quot;:&quot;\u00bb&quot;}]\" data-rule=\"COMILLAS_TIPOGRAFICAS\" data-word=\"&quot;\">\u201d<\/span><\/strong><\/em>, concluy\u00f3 Campos.\u00a0<\/span><\/p>\n","protected":false},"excerpt":{"rendered":"<p>El municipio de General Alvear anunci\u00f3 una importante noticia para las familias alvearenses: la licitaci\u00f3n del Barrio Alimentaci\u00f3n V, etapa 2. &#8230;<\/p>\n","protected":false},"author":7,"featured_media":143925,"comment_status":"open","ping_status":"open","sticky":false,"template":"","format":"standard","meta":{"footnotes":""},"categories":[1],"tags":[],"class_list":["post-143922","post","type-post","status-publish","format-standard","has-post-thumbnail","hentry","category-fmvinas"],"_links":{"self":[{"href":"https:\/\/vinasfm.com\/noticias\/wp-json\/wp\/v2\/posts\/143922","targetHints":{"allow":["GET"]}}],"collection":[{"href":"https:\/\/vinasfm.com\/noticias\/wp-json\/wp\/v2\/posts"}],"about":[{"href":"https:\/\/vinasfm.com\/noticias\/wp-json\/wp\/v2\/types\/post"}],"author":[{"embeddable":true,"href":"https:\/\/vinasfm.com\/noticias\/wp-json\/wp\/v2\/users\/7"}],"replies":[{"embeddable":true,"href":"https:\/\/vinasfm.com\/noticias\/wp-json\/wp\/v2\/comments?post=143922"}],"version-history":[{"count":1,"href":"https:\/\/vinasfm.com\/noticias\/wp-json\/wp\/v2\/posts\/143922\/revisions"}],"predecessor-version":[{"id":143926,"href":"https:\/\/vinasfm.com\/noticias\/wp-json\/wp\/v2\/posts\/143922\/revisions\/143926"}],"wp:featuredmedia":[{"embeddable":true,"href":"https:\/\/vinasfm.com\/noticias\/wp-json\/wp\/v2\/media\/143925"}],"wp:attachment":[{"href":"https:\/\/vinasfm.com\/noticias\/wp-json\/wp\/v2\/media?parent=143922"}],"wp:term":[{"taxonomy":"category","embeddable":true,"href":"https:\/\/vinasfm.com\/noticias\/wp-json\/wp\/v2\/categories?post=143922"},{"taxonomy":"post_tag","embeddable":true,"href":"https:\/\/vinasfm.com\/noticias\/wp-json\/wp\/v2\/tags?post=143922"}],"curies":[{"name":"wp","href":"https:\/\/api.w.org\/{rel}","templated":true}]}}