{"id":143915,"date":"2025-02-03T10:59:42","date_gmt":"2025-02-03T13:59:42","guid":{"rendered":"https:\/\/vinasfm.com\/noticias\/?p=143915"},"modified":"2025-02-03T10:59:42","modified_gmt":"2025-02-03T13:59:42","slug":"comenzo-el-dictado-de-clases-del-curso-de-refrigeracion-en-alvear","status":"publish","type":"post","link":"https:\/\/vinasfm.com\/noticias\/comenzo-el-dictado-de-clases-del-curso-de-refrigeracion-en-alvear\/","title":{"rendered":"COMENZ\u00d3 EL DICTADO DE CLASES DEL CURSO DE REFRIGERACI\u00d3N EN ALVEAR"},"content":{"rendered":"<h4 data-sourcepos=\"3:1-3:376\"><span style=\"color: #000000;\">Esta iniciativa, fruto de la colaboraci\u00f3n con la Direcci\u00f3n de Educaci\u00f3n T\u00e9cnica y Trabajo de Mendoza, busca brindar a los vecinos una nueva oportunidad de capacitaci\u00f3n y mejorar sus posibilidades de inserci\u00f3n laboral. <\/span><\/h4>\n<p data-sourcepos=\"3:1-3:376\"><span style=\"color: #000000;\">Tal y como fue anunciado, este 3 de febrero se dio inicio al dictado de clases del curso de <strong>Refrigeraci\u00f3n con Orientaci\u00f3n en Instalaci\u00f3n de Aires Acondicionados <span class=\"error misspelling\" title=\"Se ha encontrado un posible error ortogr\u00e1fico.\" data-type=\"misspelling\" data-suggestions=\"[{&quot;value&quot;:&quot;XSplit&quot;}]\" data-rule=\"MORFOLOGIK_RULE_ES\" data-word=\"Split\">Split<\/span><\/strong>, el cual se dictar\u00e1 de forma presencial y totalmente gratuita.\u00a0<\/span><\/p>\n<p data-sourcepos=\"3:1-3:376\"><span style=\"color: #000000;\"><em><strong> <span class=\"grammar correction\" title=\"En una tipograf\u00eda cuidada, use comillas tipogr\u00e1ficas.\" data-type=\"grammar\" data-suggestions=\"[{&quot;value&quot;:&quot;\u201c&quot;},{&quot;value&quot;:&quot;\u00ab&quot;}]\" data-rule=\"COMILLAS_TIPOGRAFICAS\" data-word=\"&quot;\">\u201c<\/span>Sab\u00edamos que <span class=\"error grammar\" title=\"Error de concordancia. Ante la palabra \u00abaula\u00bb solo adoptan la forma masculina los determinantes \u2018el\u2019 y \u2018un\u2019 (y opcionalmente \u2018alg\u00fan\u2019 y \u2018ning\u00fan\u2019).\" data-type=\"grammar\" data-suggestions=\"[{&quot;value&quot;:&quot;esta aula&quot;}]\" data-rule=\"AGREEMENT_ADJ_NOUN_AREA\" data-word=\"este aula\">este aula<\/span>-taller era muy pedido por todos los departamentos de Mendoza, porque hay que decirlo, es el \u00fanico que hay en la provincia<span class=\"grammar correction\" title=\"En una tipograf\u00eda cuidada, use comillas tipogr\u00e1ficas.\" data-type=\"grammar\" data-suggestions=\"[{&quot;value&quot;:&quot;\u201d&quot;},{&quot;value&quot;:&quot;\u00bb&quot;}]\" data-rule=\"COMILLAS_TIPOGRAFICAS\" data-word=\"&quot;\">\u201d<\/span><\/strong><\/em>, afirm\u00f3 <span style=\"color: #003366;\"><strong>Jos\u00e9 Mor\u00e1n<\/strong><\/span>. Ante la gran demanda, se decidi\u00f3 llevar a cabo el curso en General Alvear, y debido al gran inter\u00e9s, <strong>se est\u00e1 evaluando la posibilidad de abrir una segunda edici\u00f3n. <\/strong><\/span><\/p>\n<p data-sourcepos=\"3:1-3:376\"><span style=\"color: #000000;\">El funcionario destac\u00f3 la importancia de esta capacitaci\u00f3n, especialmente en un contexto econ\u00f3mico desafiante:<em><strong> <span class=\"grammar correction\" title=\"En una tipograf\u00eda cuidada, use comillas tipogr\u00e1ficas.\" data-type=\"grammar\" data-suggestions=\"[{&quot;value&quot;:&quot;\u201c&quot;},{&quot;value&quot;:&quot;\u00ab&quot;}]\" data-rule=\"COMILLAS_TIPOGRAFICAS\" data-word=\"&quot;\">\u201c<\/span>Sabemos que esto va a dar una gran salida laboral a muchos de ustedes y que seguramente en el futuro van a tener otra entrada, otra entrada econ\u00f3mica a su familia y eso es muy bueno<span class=\"grammar correction\" title=\"En una tipograf\u00eda cuidada, use comillas tipogr\u00e1ficas.\" data-type=\"grammar\" data-suggestions=\"[{&quot;value&quot;:&quot;\u201d&quot;},{&quot;value&quot;:&quot;\u00bb&quot;}]\" data-rule=\"COMILLAS_TIPOGRAFICAS\" data-word=\"&quot;\">\u201d<\/span><\/strong><\/em>, enfatiz\u00f3 Jos\u00e9 Mor\u00e1n.\u00a0 <\/span><\/p>\n<p data-sourcepos=\"3:1-3:376\"><span style=\"color: #000000;\">El acto de apertura cont\u00f3 con la presencia de <span style=\"color: #003366;\"><strong>Gabriel Ag\u00fcero<\/strong><\/span>, del \u00e1rea de<em> Educaci\u00f3n Laboral de la Direcci\u00f3n General de Escuelas (<span class=\"error misspelling\" title=\"Se ha encontrado un posible error ortogr\u00e1fico.\" data-type=\"misspelling\" data-suggestions=\"[{&quot;value&quot;:&quot;DE&quot;},{&quot;value&quot;:&quot;D\u00c9&quot;},{&quot;value&quot;:&quot;DG&quot;},{&quot;value&quot;:&quot;DGT&quot;},{&quot;value&quot;:&quot;DLE&quot;},{&quot;value&quot;:&quot;GE&quot;},{&quot;value&quot;:&quot;DG E&quot;}]\" data-rule=\"MORFOLOGIK_RULE_ES\" data-word=\"DGE\">DGE<\/span>)<\/em>, quien destac\u00f3 la importancia de esta capacitaci\u00f3n: <em><strong>\u201cAqu\u00ed van a obtener las herramientas necesarias para trabajar en el mantenimiento e instalaci\u00f3n de equipos de aire acondicionado\u201d.<\/strong><\/em> Ag\u00fcero tambi\u00e9n resalt\u00f3 la importancia de aprovechar al m\u00e1ximo al docente a cargo del curso y de proponer nuevas ideas y trabajos pr\u00e1cticos.<\/span><\/p>\n<h6 data-sourcepos=\"3:1-3:376\">G. Vallejos<\/h6>\n","protected":false},"excerpt":{"rendered":"<p>Esta iniciativa, fruto de la colaboraci\u00f3n con la Direcci\u00f3n de Educaci\u00f3n T\u00e9cnica y Trabajo de Mendoza, busca brindar a los vecinos &#8230;<\/p>\n","protected":false},"author":7,"featured_media":143916,"comment_status":"open","ping_status":"open","sticky":false,"template":"","format":"standard","meta":{"footnotes":""},"categories":[1],"tags":[],"class_list":["post-143915","post","type-post","status-publish","format-standard","has-post-thumbnail","hentry","category-fmvinas"],"_links":{"self":[{"href":"https:\/\/vinasfm.com\/noticias\/wp-json\/wp\/v2\/posts\/143915","targetHints":{"allow":["GET"]}}],"collection":[{"href":"https:\/\/vinasfm.com\/noticias\/wp-json\/wp\/v2\/posts"}],"about":[{"href":"https:\/\/vinasfm.com\/noticias\/wp-json\/wp\/v2\/types\/post"}],"author":[{"embeddable":true,"href":"https:\/\/vinasfm.com\/noticias\/wp-json\/wp\/v2\/users\/7"}],"replies":[{"embeddable":true,"href":"https:\/\/vinasfm.com\/noticias\/wp-json\/wp\/v2\/comments?post=143915"}],"version-history":[{"count":1,"href":"https:\/\/vinasfm.com\/noticias\/wp-json\/wp\/v2\/posts\/143915\/revisions"}],"predecessor-version":[{"id":143917,"href":"https:\/\/vinasfm.com\/noticias\/wp-json\/wp\/v2\/posts\/143915\/revisions\/143917"}],"wp:featuredmedia":[{"embeddable":true,"href":"https:\/\/vinasfm.com\/noticias\/wp-json\/wp\/v2\/media\/143916"}],"wp:attachment":[{"href":"https:\/\/vinasfm.com\/noticias\/wp-json\/wp\/v2\/media?parent=143915"}],"wp:term":[{"taxonomy":"category","embeddable":true,"href":"https:\/\/vinasfm.com\/noticias\/wp-json\/wp\/v2\/categories?post=143915"},{"taxonomy":"post_tag","embeddable":true,"href":"https:\/\/vinasfm.com\/noticias\/wp-json\/wp\/v2\/tags?post=143915"}],"curies":[{"name":"wp","href":"https:\/\/api.w.org\/{rel}","templated":true}]}}