{"id":143905,"date":"2025-02-03T09:08:50","date_gmt":"2025-02-03T12:08:50","guid":{"rendered":"https:\/\/vinasfm.com\/noticias\/?p=143905"},"modified":"2025-02-03T09:08:50","modified_gmt":"2025-02-03T12:08:50","slug":"el-gobierno-invertira-mas-de-3-000-millones-en-la-compra-de-chalecos-antibalas","status":"publish","type":"post","link":"https:\/\/vinasfm.com\/noticias\/el-gobierno-invertira-mas-de-3-000-millones-en-la-compra-de-chalecos-antibalas\/","title":{"rendered":"EL GOBIERNO INVERTIR\u00c1 M\u00c1S DE 3.000 MILLONES EN LA COMPRA DE CHALECOS ANTIBALAS"},"content":{"rendered":"<h4>El Ministerio de Seguridad y Justicia abri\u00f3 la licitaci\u00f3n p\u00fablica para la adquisici\u00f3n de 3.000 unidades que utilizar\u00e1n la Polic\u00eda de Mendoza y el Servicio Penitenciario.<\/h4>\n<p>El Gobierno de\u00a0<strong>Alfredo Cornejo<\/strong>\u00a0oficializ\u00f3 la licitaci\u00f3n p\u00fablica para la compra de\u00a0<strong>3.000 chalecos antibalas<\/strong>\u00a0de nivel RB3 destinados a la Polic\u00eda y el Servicio Penitenciario Provincial. La medida fue formalizada a trav\u00e9s del\u00a0<strong>Decreto N\u00b0 105<\/strong>, firmado por el propio\u00a0<strong>mandatario provincial\u00a0<\/strong>y la ministra de Seguridad y Justicia,\u00a0<strong>Mercedes Rus<\/strong>.<\/p>\n<p>La adquisici\u00f3n, que tiene un presupuesto de\u00a0<strong>$3.152.160.000<\/strong>, busca\u00a0<strong>renovar el equipamiento de las fuerzas de seguridad y dotar de protecci\u00f3n a los nuevos agentes<\/strong>\u00a0que ingresar\u00e1n a la fuerza. Seg\u00fan lo detallado en el decreto,\u00a0<strong>2.500 chalecos ser\u00e1n destinados a la Polic\u00eda de Mendoza<\/strong>, mientras que los 500 restantes ir\u00e1n al Servicio Penitenciario Provincial.<\/p>\n<p>Desde el Ministerio de Seguridad y Justicia indicaron que la compra responde a la necesidad de\u00a0<strong>reemplazar equipamiento desgastado y cubrir el crecimiento del personal y la infraestructura<\/strong>. La medida se enmarca dentro del plan de modernizaci\u00f3n y fortalecimiento de la seguridad en la provincia.<\/p>\n<p>El proceso de licitaci\u00f3n se llevar\u00e1 a cabo bajo los lineamientos de la\u00a0<strong>Ley N\u00ba 8706 y su decreto reglamentario N\u00b0 1000\/15<\/strong>. La Direcci\u00f3n de Log\u00edstica del Ministerio de Seguridad y Justicia estar\u00e1 a cargo de la gesti\u00f3n del proceso.<\/p>\n<p>&nbsp;<\/p>\n","protected":false},"excerpt":{"rendered":"<p>El Ministerio de Seguridad y Justicia abri\u00f3 la licitaci\u00f3n p\u00fablica para la adquisici\u00f3n de 3.000 unidades que utilizar\u00e1n la Polic\u00eda de &#8230;<\/p>\n","protected":false},"author":7,"featured_media":143906,"comment_status":"open","ping_status":"open","sticky":false,"template":"","format":"standard","meta":{"footnotes":""},"categories":[1],"tags":[],"class_list":["post-143905","post","type-post","status-publish","format-standard","has-post-thumbnail","hentry","category-fmvinas"],"_links":{"self":[{"href":"https:\/\/vinasfm.com\/noticias\/wp-json\/wp\/v2\/posts\/143905","targetHints":{"allow":["GET"]}}],"collection":[{"href":"https:\/\/vinasfm.com\/noticias\/wp-json\/wp\/v2\/posts"}],"about":[{"href":"https:\/\/vinasfm.com\/noticias\/wp-json\/wp\/v2\/types\/post"}],"author":[{"embeddable":true,"href":"https:\/\/vinasfm.com\/noticias\/wp-json\/wp\/v2\/users\/7"}],"replies":[{"embeddable":true,"href":"https:\/\/vinasfm.com\/noticias\/wp-json\/wp\/v2\/comments?post=143905"}],"version-history":[{"count":1,"href":"https:\/\/vinasfm.com\/noticias\/wp-json\/wp\/v2\/posts\/143905\/revisions"}],"predecessor-version":[{"id":143907,"href":"https:\/\/vinasfm.com\/noticias\/wp-json\/wp\/v2\/posts\/143905\/revisions\/143907"}],"wp:featuredmedia":[{"embeddable":true,"href":"https:\/\/vinasfm.com\/noticias\/wp-json\/wp\/v2\/media\/143906"}],"wp:attachment":[{"href":"https:\/\/vinasfm.com\/noticias\/wp-json\/wp\/v2\/media?parent=143905"}],"wp:term":[{"taxonomy":"category","embeddable":true,"href":"https:\/\/vinasfm.com\/noticias\/wp-json\/wp\/v2\/categories?post=143905"},{"taxonomy":"post_tag","embeddable":true,"href":"https:\/\/vinasfm.com\/noticias\/wp-json\/wp\/v2\/tags?post=143905"}],"curies":[{"name":"wp","href":"https:\/\/api.w.org\/{rel}","templated":true}]}}