{"id":143904,"date":"2025-02-03T09:45:45","date_gmt":"2025-02-03T12:45:45","guid":{"rendered":"https:\/\/vinasfm.com\/noticias\/?p=143904"},"modified":"2025-02-03T09:45:45","modified_gmt":"2025-02-03T12:45:45","slug":"torneo-regional-amateur-el-lobo-no-pudo-en-san-juan-y-fue-eliminado-por-penales","status":"publish","type":"post","link":"https:\/\/vinasfm.com\/noticias\/torneo-regional-amateur-el-lobo-no-pudo-en-san-juan-y-fue-eliminado-por-penales\/","title":{"rendered":"TORNEO REGIONAL AMATEUR: EL LOBO NO PUD\u00d3 EN SAN JUAN Y FUE ELIMINADO POR PENALES"},"content":{"rendered":"<h4>Pac\u00edfico qued\u00f3 eliminado en los penales ante Sportivo Desamparados, tras perder 2 a 0 el partido vuelta de la final de la Regi\u00f3n Cuyo del Torneo Regional Amateur.<\/h4>\n<p>En la definici\u00f3n, para Sportivo Desamparados marcaron Jan Valencia, Lucas Ceballos, Ali Casibar, Nicol\u00e1s Moral, Emanuel Gil y Emanuel D\u00e9cimo, mientras que\u00a0<strong>Lazzarte ataj\u00f3 el penal de Santiago Ceballos<\/strong>. Para Pac\u00edfico hubo goles de Ulises Guakinchay, Maximiliano Herrera, Nicol\u00e1s Inostroza, Jes\u00fas Funes, Pablo Pe\u00f1a Enzo L\u00f3pez desvi\u00f3 su remate. Real le ataj\u00f3 penal a Alferez.<\/p>\n","protected":false},"excerpt":{"rendered":"<p>Pac\u00edfico qued\u00f3 eliminado en los penales ante Sportivo Desamparados, tras perder 2 a 0 el partido vuelta de la final de &#8230;<\/p>\n","protected":false},"author":7,"featured_media":143908,"comment_status":"open","ping_status":"open","sticky":false,"template":"","format":"standard","meta":{"footnotes":""},"categories":[1],"tags":[],"class_list":["post-143904","post","type-post","status-publish","format-standard","has-post-thumbnail","hentry","category-fmvinas"],"_links":{"self":[{"href":"https:\/\/vinasfm.com\/noticias\/wp-json\/wp\/v2\/posts\/143904","targetHints":{"allow":["GET"]}}],"collection":[{"href":"https:\/\/vinasfm.com\/noticias\/wp-json\/wp\/v2\/posts"}],"about":[{"href":"https:\/\/vinasfm.com\/noticias\/wp-json\/wp\/v2\/types\/post"}],"author":[{"embeddable":true,"href":"https:\/\/vinasfm.com\/noticias\/wp-json\/wp\/v2\/users\/7"}],"replies":[{"embeddable":true,"href":"https:\/\/vinasfm.com\/noticias\/wp-json\/wp\/v2\/comments?post=143904"}],"version-history":[{"count":2,"href":"https:\/\/vinasfm.com\/noticias\/wp-json\/wp\/v2\/posts\/143904\/revisions"}],"predecessor-version":[{"id":143924,"href":"https:\/\/vinasfm.com\/noticias\/wp-json\/wp\/v2\/posts\/143904\/revisions\/143924"}],"wp:featuredmedia":[{"embeddable":true,"href":"https:\/\/vinasfm.com\/noticias\/wp-json\/wp\/v2\/media\/143908"}],"wp:attachment":[{"href":"https:\/\/vinasfm.com\/noticias\/wp-json\/wp\/v2\/media?parent=143904"}],"wp:term":[{"taxonomy":"category","embeddable":true,"href":"https:\/\/vinasfm.com\/noticias\/wp-json\/wp\/v2\/categories?post=143904"},{"taxonomy":"post_tag","embeddable":true,"href":"https:\/\/vinasfm.com\/noticias\/wp-json\/wp\/v2\/tags?post=143904"}],"curies":[{"name":"wp","href":"https:\/\/api.w.org\/{rel}","templated":true}]}}