{"id":143894,"date":"2025-02-01T10:52:26","date_gmt":"2025-02-01T13:52:26","guid":{"rendered":"https:\/\/vinasfm.com\/noticias\/?p=143894"},"modified":"2025-02-01T10:52:26","modified_gmt":"2025-02-01T13:52:26","slug":"ladrones-con-sueno-se-roban-hasta-las-camas","status":"publish","type":"post","link":"https:\/\/vinasfm.com\/noticias\/ladrones-con-sueno-se-roban-hasta-las-camas\/","title":{"rendered":"LADRONES CON SUE\u00d1O, SE ROBAN HASTA LAS CAMAS"},"content":{"rendered":"<h4><span style=\"color: #000000;\">En la noche del viernes, alrededor de las 23:00, se produjo un robo en una vivienda ubicada en la intersecci\u00f3n de la calle O y el callej\u00f3n 14.<\/span><\/h4>\n<p data-sourcepos=\"3:1-3:358\"><span style=\"color: #000000;\">La v\u00edctima, H\u00e9ctor P., de 71 a\u00f1os, denunci\u00f3 ante la Comisar\u00eda 46\u00b0 que <strong>personas desconocidas ingresaron a su propiedad, la cual se encontraba desocupada y espor\u00e1dicamente visitada para su revisi\u00f3n.<\/strong><\/span><\/p>\n<p data-sourcepos=\"5:1-5:297\"><span style=\"color: #000000;\">Seg\u00fan el relato de la v\u00edctima, <strong>los delincuentes accedieron a la vivienda a trav\u00e9s de una puerta trasera, sustrayendo dos camas de madera con sus respectivos colchones:<\/strong> una cama de una plaza y otra de dos plazas y media. <strong>Tras cometer el hurto, los autores se dieron a la fuga sin ser identificados.<\/strong><\/span><\/p>\n<p data-sourcepos=\"7:1-7:325\"><span style=\"color: #000000;\">Ante la denuncia, <strong>las autoridades dispusieron la intervenci\u00f3n de la polic\u00eda cient\u00edfica en el lugar del hecho, con el objetivo de recabar pruebas y pistas que permitan identificar a los responsables del robo.<\/strong> Asimismo, se iniciaron las actuaciones correspondientes para esclarecer el caso y recuperar los elementos sustra\u00eddos.<\/span><\/p>\n<p data-sourcepos=\"9:1-9:180\"><span style=\"color: #000000;\">La Comisar\u00eda 46\u00b0 de General Alvear se encuentra investigando el incidente y solicita a la comunidad cualquier informaci\u00f3n relevante que pueda ayudar a dar con los autores del robo.<\/span><\/p>\n","protected":false},"excerpt":{"rendered":"<p>En la noche del viernes, alrededor de las 23:00, se produjo un robo en una vivienda ubicada en la intersecci\u00f3n de &#8230;<\/p>\n","protected":false},"author":7,"featured_media":56107,"comment_status":"open","ping_status":"open","sticky":false,"template":"","format":"standard","meta":{"footnotes":""},"categories":[1],"tags":[],"class_list":["post-143894","post","type-post","status-publish","format-standard","has-post-thumbnail","hentry","category-fmvinas"],"_links":{"self":[{"href":"https:\/\/vinasfm.com\/noticias\/wp-json\/wp\/v2\/posts\/143894","targetHints":{"allow":["GET"]}}],"collection":[{"href":"https:\/\/vinasfm.com\/noticias\/wp-json\/wp\/v2\/posts"}],"about":[{"href":"https:\/\/vinasfm.com\/noticias\/wp-json\/wp\/v2\/types\/post"}],"author":[{"embeddable":true,"href":"https:\/\/vinasfm.com\/noticias\/wp-json\/wp\/v2\/users\/7"}],"replies":[{"embeddable":true,"href":"https:\/\/vinasfm.com\/noticias\/wp-json\/wp\/v2\/comments?post=143894"}],"version-history":[{"count":1,"href":"https:\/\/vinasfm.com\/noticias\/wp-json\/wp\/v2\/posts\/143894\/revisions"}],"predecessor-version":[{"id":143895,"href":"https:\/\/vinasfm.com\/noticias\/wp-json\/wp\/v2\/posts\/143894\/revisions\/143895"}],"wp:featuredmedia":[{"embeddable":true,"href":"https:\/\/vinasfm.com\/noticias\/wp-json\/wp\/v2\/media\/56107"}],"wp:attachment":[{"href":"https:\/\/vinasfm.com\/noticias\/wp-json\/wp\/v2\/media?parent=143894"}],"wp:term":[{"taxonomy":"category","embeddable":true,"href":"https:\/\/vinasfm.com\/noticias\/wp-json\/wp\/v2\/categories?post=143894"},{"taxonomy":"post_tag","embeddable":true,"href":"https:\/\/vinasfm.com\/noticias\/wp-json\/wp\/v2\/tags?post=143894"}],"curies":[{"name":"wp","href":"https:\/\/api.w.org\/{rel}","templated":true}]}}