{"id":143893,"date":"2025-02-01T10:56:09","date_gmt":"2025-02-01T13:56:09","guid":{"rendered":"https:\/\/vinasfm.com\/noticias\/?p=143893"},"modified":"2025-02-01T10:56:09","modified_gmt":"2025-02-01T13:56:09","slug":"desde-la-perla-distrital-abril-velazquez-es-la-nueva-virreina-de-la-vendimia-2025","status":"publish","type":"post","link":"https:\/\/vinasfm.com\/noticias\/desde-la-perla-distrital-abril-velazquez-es-la-nueva-virreina-de-la-vendimia-2025\/","title":{"rendered":"DESDE LA PERLA DISTRITAL, ABRIL VEL\u00c1ZQUEZ ES LA NUEVA VIRREINA DE LA VENDIMIA 2025"},"content":{"rendered":"<h4>En una emotiva noche para las representantes vendimiales, Abril, la recientemente elegida virreina de la Vendimia de General Alvear, comparti\u00f3 sus sentimientos y objetivos para el 2025.<\/h4>\n<p>Con l\u00e1grimas de alegr\u00eda en los ojos, <em><strong><span style=\"color: #800080;\">Abril<\/span><\/strong><\/em> expres\u00f3 su gratitud hacia la gente de Bowen, su familia y amigos, quienes la apoyaron en su campa\u00f1a. <em><strong>\u00abBowen es mi familia\u00bb<\/strong><\/em>, dijo con emoci\u00f3n.<\/p>\n<p>Abril tiene claro que su objetivo es representar el trabajo y la lucha de los agricultores de la regi\u00f3n.<em><strong> \u00abYo solo represento su trabajo, su lucha, la responsabilidad que tienen con la tierra, con los animales, con el agua\u00bb<\/strong><\/em>, enfatiz\u00f3.<\/p>\n<p>En cuanto a sus proyectos para el 2025, Abril mencion\u00f3 su objetivo de implementar un sistema de<em><strong><span style=\"color: #800080;\"> Acompa\u00f1amiento tecnol\u00f3gico en los parajes para facilitar los tr\u00e1mites administrativos y de salud.<\/span><\/strong><\/em><\/p>\n<p>Adem\u00e1s, tiene la idea de presentar un proyecto para la regularizaci\u00f3n de las tierras agr\u00edcolas, lo que permitir\u00eda a los agricultores acceder a <span style=\"color: #800080;\"><strong>C<\/strong><em><strong>r\u00e9ditos en el Fondo de la Transformaci\u00f3n.<\/strong><\/em><\/span><\/p>\n<p>Con una gran responsabilidad y honor, Abril asumir\u00e1 su nuevo rol:<em><strong> \u00abLa gente confi\u00f3 en m\u00ed y no lo va a lamentar\u00bb<\/strong><\/em>, asegur\u00f3.<\/p>\n","protected":false},"excerpt":{"rendered":"<p>En una emotiva noche para las representantes vendimiales, Abril, la recientemente elegida virreina de la Vendimia de General Alvear, comparti\u00f3 sus &#8230;<\/p>\n","protected":false},"author":7,"featured_media":143896,"comment_status":"open","ping_status":"open","sticky":false,"template":"","format":"standard","meta":{"footnotes":""},"categories":[1],"tags":[],"class_list":["post-143893","post","type-post","status-publish","format-standard","has-post-thumbnail","hentry","category-fmvinas"],"_links":{"self":[{"href":"https:\/\/vinasfm.com\/noticias\/wp-json\/wp\/v2\/posts\/143893","targetHints":{"allow":["GET"]}}],"collection":[{"href":"https:\/\/vinasfm.com\/noticias\/wp-json\/wp\/v2\/posts"}],"about":[{"href":"https:\/\/vinasfm.com\/noticias\/wp-json\/wp\/v2\/types\/post"}],"author":[{"embeddable":true,"href":"https:\/\/vinasfm.com\/noticias\/wp-json\/wp\/v2\/users\/7"}],"replies":[{"embeddable":true,"href":"https:\/\/vinasfm.com\/noticias\/wp-json\/wp\/v2\/comments?post=143893"}],"version-history":[{"count":1,"href":"https:\/\/vinasfm.com\/noticias\/wp-json\/wp\/v2\/posts\/143893\/revisions"}],"predecessor-version":[{"id":143897,"href":"https:\/\/vinasfm.com\/noticias\/wp-json\/wp\/v2\/posts\/143893\/revisions\/143897"}],"wp:featuredmedia":[{"embeddable":true,"href":"https:\/\/vinasfm.com\/noticias\/wp-json\/wp\/v2\/media\/143896"}],"wp:attachment":[{"href":"https:\/\/vinasfm.com\/noticias\/wp-json\/wp\/v2\/media?parent=143893"}],"wp:term":[{"taxonomy":"category","embeddable":true,"href":"https:\/\/vinasfm.com\/noticias\/wp-json\/wp\/v2\/categories?post=143893"},{"taxonomy":"post_tag","embeddable":true,"href":"https:\/\/vinasfm.com\/noticias\/wp-json\/wp\/v2\/tags?post=143893"}],"curies":[{"name":"wp","href":"https:\/\/api.w.org\/{rel}","templated":true}]}}