{"id":143880,"date":"2025-02-01T09:25:59","date_gmt":"2025-02-01T12:25:59","guid":{"rendered":"https:\/\/vinasfm.com\/noticias\/?p=143880"},"modified":"2025-02-03T09:45:42","modified_gmt":"2025-02-03T12:45:42","slug":"se-firmo-el-inicio-de-la-obra-del-polideportivo-de-bowen","status":"publish","type":"post","link":"https:\/\/vinasfm.com\/noticias\/se-firmo-el-inicio-de-la-obra-del-polideportivo-de-bowen\/","title":{"rendered":"SE FIRM\u00d3 EL INICIO DE LA OBRA DEL POLIDEPORTIVO DE BOWEN"},"content":{"rendered":"<h4><span style=\"color: #000000;\">Este jueves por la ma\u00f1ana, se firm\u00f3 el contrato de inicio de obra para la construcci\u00f3n del Polideportivo Cubierto en el distrito de Bowen, en General Alvear.<\/span><\/h4>\n<p><span style=\"color: #000000;\"> La obra,<em><strong> tan esperada durante a\u00f1os por la comunidad, representa una inversi\u00f3n superior a los 2.000 millones de pesos y se convertir\u00e1 en un espacio clave para el deporte<\/strong><\/em>, la cultura y el turismo de eventos en la regi\u00f3n.<\/span><\/p>\n<p><span style=\"color: #000000;\">El <span style=\"color: #003366;\"><strong>Intendente Alejandro Molero<\/strong><\/span> junto a representantes de la empresa adjudicataria y el equipo de <em>Obras y Servicios P\u00fablicos<\/em>, se reunieron para darle el inicio formal a esta obra tan esperada por toda la comunidad. <strong><em>\u201cEstas son las cosas que nos dan alegr\u00eda pero que tambi\u00e9n hablan de un compromiso asumido y un compromiso que hoy se plasma en realidad, es una enorme alegr\u00eda para nosotros dar inicio formal a esta obra que supera los 2.000 millones de pesos de inversi\u00f3n\u201d<\/em><\/strong>, expres\u00f3 el jefe comunal.<\/span><\/p>\n<p><span style=\"color: #000000;\">Molero destac\u00f3 la importancia de este tipo de infraestructura para impulsar el turismo de eventos deportivos de nivel nacional, un \u00e1rea en la que General Alvear ha venido apostando fuertemente. <em><strong>\u201cLa hermosa comunidad de Bowen tendr\u00e1 un polideportivo de gran calidad, con equipamiento de \u00faltima generaci\u00f3n, que beneficiar\u00e1 a toda la gente de Alvear\u00bb<\/strong><\/em>, resalt\u00f3.<\/span><\/p>\n<p><span style=\"color: #000000;\">Con respecto a la adjudicaci\u00f3n de la obra, se presentaron diferentes ofertas de varias empresas, seguido de un proceso de evaluaci\u00f3n de cada propuesta y resultando elegida la empresa Camiletti. <span style=\"color: #003366;\"><strong>Pedro Camiletti<\/strong><\/span>, representante de la constructora, resalt\u00f3 la calidad del proyecto y la experiencia del equipo de arquitectos a cargo, quienes han trabajado en importantes obras similares. <em><strong>\u00abEs un proyecto de gran calidad, con terminaciones muy bien pensadas. Nuestro objetivo es emplear la mayor cantidad posible de mano de obra local para esta construcci\u00f3n\u00bb<\/strong><\/em>, afirm\u00f3 Camiletti.<\/span><\/p>\n<p><span style=\"color: #000000;\">La obra tendr\u00e1 un plazo de ejecuci\u00f3n de 16 meses y, seg\u00fan lo informado, la pr\u00f3xima semana comenzar\u00e1n los movimientos de suelo y el acondicionamiento del terreno para dar paso a la construcci\u00f3n.<\/span><\/p>\n<p><strong><span style=\"color: #000000;\">Con este nuevo polideportivo, Bowen y todo General Alvear avanzan en el desarrollo de infraestructura deportiva y cultural de primer nivel, brindando a la comunidad un espacio moderno y vers\u00e1til que contribuir\u00e1 al crecimiento del distrito.<\/span><\/strong><\/p>\n","protected":false},"excerpt":{"rendered":"<p>Este jueves por la ma\u00f1ana, se firm\u00f3 el contrato de inicio de obra para la construcci\u00f3n del Polideportivo Cubierto en el &#8230;<\/p>\n","protected":false},"author":7,"featured_media":143885,"comment_status":"open","ping_status":"open","sticky":false,"template":"","format":"standard","meta":{"footnotes":""},"categories":[5,29],"tags":[],"class_list":["post-143880","post","type-post","status-publish","format-standard","has-post-thumbnail","hentry","category-actualidad","category-obras-y-servicios"],"_links":{"self":[{"href":"https:\/\/vinasfm.com\/noticias\/wp-json\/wp\/v2\/posts\/143880","targetHints":{"allow":["GET"]}}],"collection":[{"href":"https:\/\/vinasfm.com\/noticias\/wp-json\/wp\/v2\/posts"}],"about":[{"href":"https:\/\/vinasfm.com\/noticias\/wp-json\/wp\/v2\/types\/post"}],"author":[{"embeddable":true,"href":"https:\/\/vinasfm.com\/noticias\/wp-json\/wp\/v2\/users\/7"}],"replies":[{"embeddable":true,"href":"https:\/\/vinasfm.com\/noticias\/wp-json\/wp\/v2\/comments?post=143880"}],"version-history":[{"count":2,"href":"https:\/\/vinasfm.com\/noticias\/wp-json\/wp\/v2\/posts\/143880\/revisions"}],"predecessor-version":[{"id":143910,"href":"https:\/\/vinasfm.com\/noticias\/wp-json\/wp\/v2\/posts\/143880\/revisions\/143910"}],"wp:featuredmedia":[{"embeddable":true,"href":"https:\/\/vinasfm.com\/noticias\/wp-json\/wp\/v2\/media\/143885"}],"wp:attachment":[{"href":"https:\/\/vinasfm.com\/noticias\/wp-json\/wp\/v2\/media?parent=143880"}],"wp:term":[{"taxonomy":"category","embeddable":true,"href":"https:\/\/vinasfm.com\/noticias\/wp-json\/wp\/v2\/categories?post=143880"},{"taxonomy":"post_tag","embeddable":true,"href":"https:\/\/vinasfm.com\/noticias\/wp-json\/wp\/v2\/tags?post=143880"}],"curies":[{"name":"wp","href":"https:\/\/api.w.org\/{rel}","templated":true}]}}