{"id":143868,"date":"2025-01-31T20:12:28","date_gmt":"2025-01-31T23:12:28","guid":{"rendered":"https:\/\/vinasfm.com\/noticias\/?p=143868"},"modified":"2025-02-04T10:35:13","modified_gmt":"2025-02-04T13:35:13","slug":"con-mas-de-mil-colonos-fue-un-exito-la-colonia-e-verano-2024-2025","status":"publish","type":"post","link":"https:\/\/vinasfm.com\/noticias\/con-mas-de-mil-colonos-fue-un-exito-la-colonia-e-verano-2024-2025\/","title":{"rendered":"CON M\u00c1S DE MIL COLONOS, FUE UN \u00c9XITO LA COLONIA DE VERANO 2024-2025"},"content":{"rendered":"<h4 dir=\"auto\"><span style=\"color: #000000;\">El Intendente Alejandro Molero destac\u00f3 la gran convocatoria y el impacto positivo de las actividades en ni\u00f1os, adolescentes y adultos mayores.<\/span><\/h4>\n<div dir=\"auto\"><span style=\"color: #000000;\">La temporada de verano en General Alvear ha sido un rotundo \u00e9xito, <strong>superando las expectativas con la participaci\u00f3n de m\u00e1s de mil colonos en las diversas actividades ofrecidas.<\/strong> El<\/span> <span style=\"color: #003366;\"><strong>Intendente Alejandro Molero<\/strong><\/span> <span style=\"color: #000000;\">expres\u00f3 su satisfacci\u00f3n por los resultados obtenidos, resaltando la importancia de estas iniciativas para la comunidad.<\/span><\/div>\n<div dir=\"auto\"><\/div>\n<div dir=\"auto\"><span style=\"color: #000000;\"><em><strong>\u00abHemos tenido una temporada pr\u00e1cticamente sin precedente, donde hemos superado los mil colonos, no solamente en el polideportivo, sino en las colonias de los distintos distritos\u00bb<\/strong><\/em>, afirm\u00f3 el Intendente Molero. <strong><em>\u00abEstamos felices porque se ha desarrollado de la mejor manera, hemos podido integrar a chicos de distintas barriadas y distritos en algo que es tan lindo\u00bb<\/em><\/strong>.<\/span><\/div>\n<div dir=\"auto\"><\/div>\n<div dir=\"auto\"><span style=\"color: #000000;\">Adem\u00e1s de las actividades acu\u00e1ticas, los colonos disfrutaron de propuestas culturales y educativas, lo que enriqueci\u00f3 a\u00fan m\u00e1s la experiencia. <em><strong>\u00abLa colonia de vacaciones cumple un rol fundamental, no solamente pasar el verano en un \u00e1mbito de pileta, sino la disciplina, la integraci\u00f3n, el compartir con tantos ni\u00f1os de distintos sectores de nuestra ciudad y tambi\u00e9n de distintos sectores sociales de nuestra comunidad<\/strong><\/em>\u00ab, destac\u00f3 Molero.<\/span><\/div>\n<div dir=\"auto\"><\/div>\n<div dir=\"auto\"><span style=\"color: #000000;\">El programa no se limit\u00f3 a los ni\u00f1os, sino que tambi\u00e9n incluy\u00f3 propuestas para adolescentes y adultos mayores; buscando crear entornos m\u00e1s inclusivos.<\/span><\/div>\n<div dir=\"auto\"><\/div>\n<div dir=\"auto\"><span style=\"color: #000000;\">La exitosa temporada de verano en General Alvear demuestra el compromiso de la gesti\u00f3n municipal por promover actividades recreativas y deportivas para todas las edades, fortaleciendo as\u00ed el tejido social y mejorando la calidad de vida de los vecinos.<\/span><\/div>\n","protected":false},"excerpt":{"rendered":"<p>El Intendente Alejandro Molero destac\u00f3 la gran convocatoria y el impacto positivo de las actividades en ni\u00f1os, adolescentes y adultos mayores. &#8230;<\/p>\n","protected":false},"author":7,"featured_media":143869,"comment_status":"open","ping_status":"open","sticky":false,"template":"","format":"standard","meta":{"footnotes":""},"categories":[1],"tags":[],"class_list":["post-143868","post","type-post","status-publish","format-standard","has-post-thumbnail","hentry","category-fmvinas"],"_links":{"self":[{"href":"https:\/\/vinasfm.com\/noticias\/wp-json\/wp\/v2\/posts\/143868","targetHints":{"allow":["GET"]}}],"collection":[{"href":"https:\/\/vinasfm.com\/noticias\/wp-json\/wp\/v2\/posts"}],"about":[{"href":"https:\/\/vinasfm.com\/noticias\/wp-json\/wp\/v2\/types\/post"}],"author":[{"embeddable":true,"href":"https:\/\/vinasfm.com\/noticias\/wp-json\/wp\/v2\/users\/7"}],"replies":[{"embeddable":true,"href":"https:\/\/vinasfm.com\/noticias\/wp-json\/wp\/v2\/comments?post=143868"}],"version-history":[{"count":2,"href":"https:\/\/vinasfm.com\/noticias\/wp-json\/wp\/v2\/posts\/143868\/revisions"}],"predecessor-version":[{"id":143947,"href":"https:\/\/vinasfm.com\/noticias\/wp-json\/wp\/v2\/posts\/143868\/revisions\/143947"}],"wp:featuredmedia":[{"embeddable":true,"href":"https:\/\/vinasfm.com\/noticias\/wp-json\/wp\/v2\/media\/143869"}],"wp:attachment":[{"href":"https:\/\/vinasfm.com\/noticias\/wp-json\/wp\/v2\/media?parent=143868"}],"wp:term":[{"taxonomy":"category","embeddable":true,"href":"https:\/\/vinasfm.com\/noticias\/wp-json\/wp\/v2\/categories?post=143868"},{"taxonomy":"post_tag","embeddable":true,"href":"https:\/\/vinasfm.com\/noticias\/wp-json\/wp\/v2\/tags?post=143868"}],"curies":[{"name":"wp","href":"https:\/\/api.w.org\/{rel}","templated":true}]}}