{"id":143750,"date":"2025-01-28T09:30:04","date_gmt":"2025-01-28T12:30:04","guid":{"rendered":"https:\/\/vinasfm.com\/noticias\/?p=143750"},"modified":"2025-01-28T09:50:15","modified_gmt":"2025-01-28T12:50:15","slug":"prodcutores-piden-presencia-del-estado-y-una-lucha-antigranizo-mas-eficiente","status":"publish","type":"post","link":"https:\/\/vinasfm.com\/noticias\/prodcutores-piden-presencia-del-estado-y-una-lucha-antigranizo-mas-eficiente\/","title":{"rendered":"PRODCUTORES PIDEN PRESENCIA DEL ESTADO Y UNA LUCHA ANTIGRANIZO M\u00c1S EFICIENTE"},"content":{"rendered":"<h4 data-sourcepos=\"3:1-3:371\"><span style=\"color: #000000;\">Javier L\u00f3pez, productor local e integrante del Grupo Libertador, expres\u00f3 su profunda preocupaci\u00f3n por la decisi\u00f3n del Gobierno Provincial de eliminar la lucha antigranizo y los resultados de la misma. Seg\u00fan L\u00f3pez, esta medida ha dejado a los productores a merced de los fen\u00f3menos clim\u00e1ticos, como las recientes y devastadoras tormentas de granizo que azotaron la regi\u00f3n.<\/span><\/h4>\n<p data-sourcepos=\"5:1-5:272\"><span style=\"color: #000000;\"><em><strong>\u201cEstamos viendo el desastre que est\u00e1 ocurriendo en toda la provincia, pero sobre todo en el Oasis Sur\u201d<\/strong><\/em>, afirm\u00f3 L\u00f3pez y agreg\u00f3 <em><strong>\u00abnosotros, los que hemos estado toda la vida involucrados en este tema, sabemos que la lucha antigranizo era fundamental para proteger nuestros cultivos\u201d.<\/strong><\/em><\/span><\/p>\n<p data-sourcepos=\"7:1-7:386\"><span style=\"color: #000000;\">El productor record\u00f3 la experiencia de la tormenta de 2008 en Bowen, donde la demora en la respuesta de los aviones provoc\u00f3 grandes p\u00e9rdidas<strong>. Tras ese incidente, se implement\u00f3 un nuevo sistema que, seg\u00fan L\u00f3pez, funcionaba de manera m\u00e1s eficiente. Sin embargo, esta nueva modalidad fue eliminada, lo que ha dejado a los productores sin una herramienta crucial para proteger sus cultivos.<\/strong><\/span><\/p>\n<p data-sourcepos=\"9:1-9:192\"><span style=\"color: #000000;\"><em><strong>\u201cNo decimos que no ca\u00eda piedra, pero no ten\u00edamos esas tormentas tan destructivas, como lo que pas\u00f3 en Real Padre, como lo que pas\u00f3 en Montecob\u00e1n, o como lo que pas\u00f3 en Carmensa\u201d<\/strong><\/em>, se\u00f1al\u00f3 L\u00f3pez.<\/span><\/p>\n<p data-sourcepos=\"11:1-11:328\"><span style=\"color: #000000;\">El productor cuestion\u00f3 la decisi\u00f3n del Gobierno de evaluar la efectividad de la lucha antigranizo en abril, argumentando que esta medida es insuficiente y que la experiencia demuestra que el sistema anterior era m\u00e1s eficiente.<strong> Adem\u00e1s, critic\u00f3 el alto costo de la nueva modalidad y la falta de transparencia en su implementaci\u00f3n.<\/strong><\/span><\/p>\n<p data-sourcepos=\"13:1-13:203\"><span style=\"color: #000000;\">L\u00f3pez tambi\u00e9n denunci\u00f3 la falta de di\u00e1logo y participaci\u00f3n de los productores en la toma de decisiones. <em><strong>\u201cNo hay nadie que charle con nosotros, que nos vengan a explicar, que vengamos a trabajar\u201d,<\/strong><\/em> afirm\u00f3.<\/span><\/p>\n<p data-sourcepos=\"15:1-15:270\"><span style=\"color: #000000;\">El productor expres\u00f3 su preocupaci\u00f3n por la situaci\u00f3n econ\u00f3mica del sector, especialmente tras las recientes tormentas que han afectado gravemente a los cultivos. <strong><em>\u201cCarmensa lo destruy\u00f3 y van con microcr\u00e9ditos y el productor no sabe c\u00f3mo va a pasar el invierno\u201d<\/em><\/strong>, lament\u00f3.<\/span><\/p>\n<p data-sourcepos=\"17:1-17:217\"><span style=\"color: #000000;\">L\u00f3pez hizo un llamado al Gobierno para que tome medidas concretas en apoyo a los productores, como la recuperaci\u00f3n del sistema de lucha antigranizo y la implementaci\u00f3n de pol\u00edticas que fomenten la producci\u00f3n agr\u00edcola.<\/span><\/p>\n<p data-sourcepos=\"19:1-19:254\"><span style=\"color: #000000;\">En cuanto a los precios de los productos, <strong>L\u00f3pez se\u00f1al\u00f3 que la situaci\u00f3n es compleja debido a factores como la inflaci\u00f3n y la competencia internacional. Sin embargo, expres\u00f3 su esperanza en que los productores puedan obtener precios justos por su trabajo.<\/strong><\/span><\/p>\n<p data-sourcepos=\"21:1-21:177\"><span style=\"color: #000000;\">Por \u00faltimo, L\u00f3pez hizo hincapi\u00e9 en la importancia de la unidad entre los productores y la necesidad de que el gobierno los escuche y los tome en cuenta en la toma de decisiones.<\/span><\/p>\n","protected":false},"excerpt":{"rendered":"<p>Javier L\u00f3pez, productor local e integrante del Grupo Libertador, expres\u00f3 su profunda preocupaci\u00f3n por la decisi\u00f3n del Gobierno Provincial de eliminar &#8230;<\/p>\n","protected":false},"author":7,"featured_media":143751,"comment_status":"open","ping_status":"open","sticky":false,"template":"","format":"standard","meta":{"footnotes":""},"categories":[1],"tags":[],"class_list":["post-143750","post","type-post","status-publish","format-standard","has-post-thumbnail","hentry","category-fmvinas"],"_links":{"self":[{"href":"https:\/\/vinasfm.com\/noticias\/wp-json\/wp\/v2\/posts\/143750","targetHints":{"allow":["GET"]}}],"collection":[{"href":"https:\/\/vinasfm.com\/noticias\/wp-json\/wp\/v2\/posts"}],"about":[{"href":"https:\/\/vinasfm.com\/noticias\/wp-json\/wp\/v2\/types\/post"}],"author":[{"embeddable":true,"href":"https:\/\/vinasfm.com\/noticias\/wp-json\/wp\/v2\/users\/7"}],"replies":[{"embeddable":true,"href":"https:\/\/vinasfm.com\/noticias\/wp-json\/wp\/v2\/comments?post=143750"}],"version-history":[{"count":2,"href":"https:\/\/vinasfm.com\/noticias\/wp-json\/wp\/v2\/posts\/143750\/revisions"}],"predecessor-version":[{"id":143757,"href":"https:\/\/vinasfm.com\/noticias\/wp-json\/wp\/v2\/posts\/143750\/revisions\/143757"}],"wp:featuredmedia":[{"embeddable":true,"href":"https:\/\/vinasfm.com\/noticias\/wp-json\/wp\/v2\/media\/143751"}],"wp:attachment":[{"href":"https:\/\/vinasfm.com\/noticias\/wp-json\/wp\/v2\/media?parent=143750"}],"wp:term":[{"taxonomy":"category","embeddable":true,"href":"https:\/\/vinasfm.com\/noticias\/wp-json\/wp\/v2\/categories?post=143750"},{"taxonomy":"post_tag","embeddable":true,"href":"https:\/\/vinasfm.com\/noticias\/wp-json\/wp\/v2\/tags?post=143750"}],"curies":[{"name":"wp","href":"https:\/\/api.w.org\/{rel}","templated":true}]}}