{"id":143685,"date":"2025-01-26T11:35:39","date_gmt":"2025-01-26T14:35:39","guid":{"rendered":"https:\/\/vinasfm.com\/noticias\/?p=143685"},"modified":"2025-01-27T10:27:50","modified_gmt":"2025-01-27T13:27:50","slug":"tras-las-tormentas-el-grupo-libertador-exige-la-renuncia-de-vargas-arizu","status":"publish","type":"post","link":"https:\/\/vinasfm.com\/noticias\/tras-las-tormentas-el-grupo-libertador-exige-la-renuncia-de-vargas-arizu\/","title":{"rendered":"TRAS LAS TORMENTAS, EL GRUPO LIBERTADOR EXIGE LA RENUNCIA DE VARGAS ARIZU"},"content":{"rendered":"<h4>El pasado 17 de enero, una devastadora tormenta de granizo azot\u00f3 la zona de San Pedro del Atuel y alrededores, causando p\u00e9rdidas millonarias en el sector agr\u00edcola. Ante la inacci\u00f3n de las autoridades provinciales, el Grupo Libertador de General Alvear ha elevado la voz exigiendo la renuncia del Ministro de Producci\u00f3n, Rodolfo Vargas Arizu, y de todos aquellos funcionarios que han demostrado una total falta de compromiso con el sector.<\/h4>\n<p>En un reciente comunicado, el Grupo Libertador expres\u00f3 su inconformidad y denunciaron que a una semana del desastre, la situaci\u00f3n sigue siendo cr\u00edtica y que las promesas de ayuda por parte del gobierno han quedado en el olvido. <em><strong>\u00abNos sentimos abandonados y traicionados\u00bb<\/strong><\/em>, expresan.<\/p>\n<p>La falta de pol\u00edticas preventivas y eficientes han sido duramente criticadas por los productores. <strong><em>\u00abLa lucha antigranizo no es un lujo, es una necesidad\u00bb<\/em><\/strong>, afirmaron, exigiendo la reincorporaci\u00f3n de los equipos expertos que han demostrado su eficacia en el pasado.<\/p>\n<p>Finalmente, el Grupo Libertador ha calificado la situaci\u00f3n como un <strong><em>\u00abdesastre anunciado\u00bb<\/em><\/strong> y ha responsabilizado directamente al ministro Vargas Arizu y a sus colaboradores. <em><strong>\u00abNecesitamos l\u00edderes comprometidos que trabajen junto a los productores y no contra ellos\u00bb<\/strong><\/em>, se\u00f1alaron.<\/p>\n<p><img decoding=\"async\" src=\"https:\/\/mendozatoday.com.ar\/wp-content\/uploads\/2023\/12\/Images-80.jpg\" alt=\"Rodolfo Vargas Arizu conform\u00f3 el Gabinete del Ministerio de Producci\u00f3n de  Mendoza: todos los nombres - Mendoza Today\" \/><\/p>\n<h6>Rodolfo Vargas Arizu, Ministro de Producci\u00f3n de Mendoza.<\/h6>\n<hr \/>\n<h2>EL COMUNICADO<\/h2>\n<h3>El Grupo Libertador, de General Alvear, exige la renuncia de Rodolfo Vargas Arizu y todos sus c\u00f3mplices<\/h3>\n<p>Una vez m\u00e1s la desidia e inoperancia del gobierno provincial y municipal pisotean al agro en General Alvear, tanto o m\u00e1s fuerte que la \u00faltima tormenta de granizo que arras\u00f3 con los cultivos y crianza de animales en San Pedro del Atuel y zonas de influencia.<strong> Ya no causa asombro, m\u00e1s bien asco, la falta de empat\u00eda, compromiso y responsabilidad del Ministro de Producci\u00f3n Rodolfo Vargas Arizu y todos sus c\u00f3mplices.<\/strong><\/p>\n<p>La postal desoladora, del pasado 17 de enero, recorri\u00f3 medios nacionales, provinciales y locales, fuimos noticia en el pa\u00eds! A 7 d\u00edas del desastre clim\u00e1tico, en Carmensa, se pavonea la indiferencia, el silencio y hasta la caradurez de funcionarios alvearenses minimizando la situaci\u00f3n. Los mismos que f<strong>ueron votados para ocupar cargos no han asomado sus narices por la zona afectada, ni siquiera para contenerlos espiritualmente.<\/strong><\/p>\n<p>Se\u00f1ores del gobierno no cuentan con pol\u00edticas preventivas ni efectivas para darle respuesta al agro en Mendoza. Los agricultores son mucho m\u00e1s que frases hechas en Vendimia. Dem\u00e1s est\u00e1 recordarles lo que significa para las econom\u00edas regionales el agro y sus hacedores.<\/p>\n<p><strong>Ante semejante panorama es justificable que desde el Grupo Libertador \u00abEXIJAMOS\u201d con firmeza la renuncia del Ministro Vargas Ariz\u00fa, como as\u00ed tambi\u00e9n la de los mentirosos locales que dijeron haber recorrido las zonas da\u00f1adas por la tormenta y el granizo.<\/strong><\/p>\n<p>Insistimos en que la actual dirigencia pol\u00edtica solo es servil al mercantilismo corrupto y kiosquero. <strong>Sepan que los agricultores damnificados no saben c\u00f3mo pasar\u00e1n el invierno y menos a\u00fan como seguir. La lucha antigranizo NO es un lujo, es una necesidad<\/strong> y a tal efecto tambi\u00e9n exigimos que se vuelva a contratar al plantel de expertos que tienen m\u00e1s de 16 a\u00f1os de experiencia en combatir tormentas en nuestros oasis. La actual e improvisada lucha, no solamente es cara , es ineficiente.<\/p>\n<p>La provincia necesita l\u00edderes comprometidos, con visi\u00f3n y sensibilidad hacia las necesidades de nuestra de la poblaci\u00f3n mendocina.<\/p>\n<p>\u00a1Basta de abandono y arbitrariedades! Es hora de defender nuestra tierra, nuestra gente y nuestro futuro. Mendoza y General Alvear merecen gobiernos que produzcan a la par de sus productores. Abandonaron a quienes les dieron su voto de confianza.<\/p>\n","protected":false},"excerpt":{"rendered":"<p>El pasado 17 de enero, una devastadora tormenta de granizo azot\u00f3 la zona de San Pedro del Atuel y alrededores, causando &#8230;<\/p>\n","protected":false},"author":7,"featured_media":143513,"comment_status":"open","ping_status":"open","sticky":false,"template":"","format":"standard","meta":{"footnotes":""},"categories":[14,10],"tags":[],"class_list":["post-143685","post","type-post","status-publish","format-standard","has-post-thumbnail","hentry","category-agro","category-destacadas"],"_links":{"self":[{"href":"https:\/\/vinasfm.com\/noticias\/wp-json\/wp\/v2\/posts\/143685","targetHints":{"allow":["GET"]}}],"collection":[{"href":"https:\/\/vinasfm.com\/noticias\/wp-json\/wp\/v2\/posts"}],"about":[{"href":"https:\/\/vinasfm.com\/noticias\/wp-json\/wp\/v2\/types\/post"}],"author":[{"embeddable":true,"href":"https:\/\/vinasfm.com\/noticias\/wp-json\/wp\/v2\/users\/7"}],"replies":[{"embeddable":true,"href":"https:\/\/vinasfm.com\/noticias\/wp-json\/wp\/v2\/comments?post=143685"}],"version-history":[{"count":4,"href":"https:\/\/vinasfm.com\/noticias\/wp-json\/wp\/v2\/posts\/143685\/revisions"}],"predecessor-version":[{"id":143690,"href":"https:\/\/vinasfm.com\/noticias\/wp-json\/wp\/v2\/posts\/143685\/revisions\/143690"}],"wp:featuredmedia":[{"embeddable":true,"href":"https:\/\/vinasfm.com\/noticias\/wp-json\/wp\/v2\/media\/143513"}],"wp:attachment":[{"href":"https:\/\/vinasfm.com\/noticias\/wp-json\/wp\/v2\/media?parent=143685"}],"wp:term":[{"taxonomy":"category","embeddable":true,"href":"https:\/\/vinasfm.com\/noticias\/wp-json\/wp\/v2\/categories?post=143685"},{"taxonomy":"post_tag","embeddable":true,"href":"https:\/\/vinasfm.com\/noticias\/wp-json\/wp\/v2\/tags?post=143685"}],"curies":[{"name":"wp","href":"https:\/\/api.w.org\/{rel}","templated":true}]}}