{"id":143679,"date":"2025-01-25T10:44:10","date_gmt":"2025-01-25T13:44:10","guid":{"rendered":"https:\/\/vinasfm.com\/noticias\/?p=143679"},"modified":"2025-01-27T10:28:30","modified_gmt":"2025-01-27T13:28:30","slug":"accidente-de-transito-en-libertador-sur-e-italia-un-motociclista-y-un-automovilista-involucrados","status":"publish","type":"post","link":"https:\/\/vinasfm.com\/noticias\/accidente-de-transito-en-libertador-sur-e-italia-un-motociclista-y-un-automovilista-involucrados\/","title":{"rendered":"ACCIDENTE DE TR\u00c1NSITO EN LIBERTADOR SUR E ITALIA: UN MOTOCICLISTA Y UN AUTOMOVILISTA INVOLUCRADOS"},"content":{"rendered":"<h4 data-sourcepos=\"5:1-5:260\"><span style=\"color: #000000;\">Un nuevo accidente de tr\u00e1nsito se registr\u00f3 en la intersecci\u00f3n de las calles Libertador Sur e Italia. Alrededor de las 12:00 horas, de la jornada del viernes, un joven de 24 a\u00f1os que circulaba en una motocicleta Honda Racing 250cc colision\u00f3 con una camioneta Alaskan.<\/span><\/h4>\n<p data-sourcepos=\"7:1-7:349\"><span style=\"color: #000000;\">Seg\u00fan el informe policial, el motociclista,<strong> identificado como L. \u00c1., circulaba por Libertador Sur en direcci\u00f3n sur cuando fue impactado por la camioneta conducida por un hombre de 69 a\u00f1os, identificado como P. L.<\/strong> El conductor de la camioneta manifest\u00f3 que circulaba por calle Italia y que<strong> al ver a la moto a alta velocidad no pudo evitar el choque.<\/strong><\/span><\/p>\n<p data-sourcepos=\"9:1-9:188\"><span style=\"color: #000000;\">Afortunadamente,<strong> el motociclista sufri\u00f3 solo escoriaciones en el brazo y pierna derecha y se neg\u00f3 a ser trasladado al hospital.<\/strong> Ambos conductores dieron negativo en el test de alcoholemia.<\/span><\/p>\n","protected":false},"excerpt":{"rendered":"<p>Un nuevo accidente de tr\u00e1nsito se registr\u00f3 en la intersecci\u00f3n de las calles Libertador Sur e Italia. Alrededor de las 12:00 &#8230;<\/p>\n","protected":false},"author":7,"featured_media":143681,"comment_status":"open","ping_status":"open","sticky":false,"template":"","format":"standard","meta":{"footnotes":""},"categories":[4,184],"tags":[],"class_list":["post-143679","post","type-post","status-publish","format-standard","has-post-thumbnail","hentry","category-policiales","category-siniestro-vial"],"_links":{"self":[{"href":"https:\/\/vinasfm.com\/noticias\/wp-json\/wp\/v2\/posts\/143679","targetHints":{"allow":["GET"]}}],"collection":[{"href":"https:\/\/vinasfm.com\/noticias\/wp-json\/wp\/v2\/posts"}],"about":[{"href":"https:\/\/vinasfm.com\/noticias\/wp-json\/wp\/v2\/types\/post"}],"author":[{"embeddable":true,"href":"https:\/\/vinasfm.com\/noticias\/wp-json\/wp\/v2\/users\/7"}],"replies":[{"embeddable":true,"href":"https:\/\/vinasfm.com\/noticias\/wp-json\/wp\/v2\/comments?post=143679"}],"version-history":[{"count":1,"href":"https:\/\/vinasfm.com\/noticias\/wp-json\/wp\/v2\/posts\/143679\/revisions"}],"predecessor-version":[{"id":143680,"href":"https:\/\/vinasfm.com\/noticias\/wp-json\/wp\/v2\/posts\/143679\/revisions\/143680"}],"wp:featuredmedia":[{"embeddable":true,"href":"https:\/\/vinasfm.com\/noticias\/wp-json\/wp\/v2\/media\/143681"}],"wp:attachment":[{"href":"https:\/\/vinasfm.com\/noticias\/wp-json\/wp\/v2\/media?parent=143679"}],"wp:term":[{"taxonomy":"category","embeddable":true,"href":"https:\/\/vinasfm.com\/noticias\/wp-json\/wp\/v2\/categories?post=143679"},{"taxonomy":"post_tag","embeddable":true,"href":"https:\/\/vinasfm.com\/noticias\/wp-json\/wp\/v2\/tags?post=143679"}],"curies":[{"name":"wp","href":"https:\/\/api.w.org\/{rel}","templated":true}]}}