{"id":143675,"date":"2025-01-25T09:51:43","date_gmt":"2025-01-25T12:51:43","guid":{"rendered":"https:\/\/vinasfm.com\/noticias\/?p=143675"},"modified":"2025-01-27T10:38:54","modified_gmt":"2025-01-27T13:38:54","slug":"la-policia-alerta-sobre-el-aumento-de-siniestros-viales-y-recomienda-precaucion-en-las-rutas","status":"publish","type":"post","link":"https:\/\/vinasfm.com\/noticias\/la-policia-alerta-sobre-el-aumento-de-siniestros-viales-y-recomienda-precaucion-en-las-rutas\/","title":{"rendered":"LA POLIC\u00cdA ALERTA SOBRE EL AUMENTO DE SINIESTROS VIALES Y RECOMIENDA PRECAUCI\u00d3N EN LAS RUTAS"},"content":{"rendered":"<h4 data-sourcepos=\"5:1-5:305\"><span style=\"color: #000000;\">Con el aumento del flujo vehicular debido a las vacaciones, el Comisario Iv\u00e1n Berm\u00fadez, Jefe de la Polic\u00eda Departamental, hizo un llamado a la precauci\u00f3n en las rutas. Advirti\u00f3 sobre el incremento de accidentes viales y destac\u00f3 la importancia de una conducci\u00f3n responsable.<\/span><\/h4>\n<p data-sourcepos=\"7:1-7:239\"><span style=\"color: #000000;\"><em><strong>\u00abEs fundamental que todos los conductores adopten medidas preventivas para evitar siniestros\u00bb<\/strong><\/em>, se\u00f1al\u00f3 Berm\u00fadez. <strong><em>\u00abEl cansancio, la distracci\u00f3n y la imprudencia son factores que contribuyen significativamente a la ocurrencia de accidentes\u00bb.<\/em><\/strong><\/span><\/p>\n<h3 data-sourcepos=\"9:1-9:41\"><span style=\"color: #000000;\">Las recomendaciones del Comisario<\/span><\/h3>\n<ul data-sourcepos=\"11:1-16:0\">\n<li data-sourcepos=\"11:1-11:184\"><span style=\"color: #000000;\"><strong>Respetar las normas de tr\u00e1nsito:<\/strong> Respetar los l\u00edmites de velocidad, utilizar el cintur\u00f3n de seguridad y no conducir bajo los efectos del alcohol ni de sustancias estupefacientes.<\/span><\/li>\n<li data-sourcepos=\"12:1-12:128\"><span style=\"color: #000000;\"><strong>Realizar pausas:<\/strong> Planificar los viajes con anticipaci\u00f3n y realizar paradas regulares para descansar cada dos o tres horas.<\/span><\/li>\n<li data-sourcepos=\"13:1-13:111\"><span style=\"color: #000000;\"><strong>Revisar el veh\u00edculo:<\/strong> Asegurarse de que el veh\u00edculo est\u00e9 en \u00f3ptimas condiciones antes de iniciar el viaje.<\/span><\/li>\n<li data-sourcepos=\"14:1-14:172\"><span style=\"color: #000000;\"><strong>Informarse sobre las condiciones clim\u00e1ticas:<\/strong> Mantenerse informado sobre las condiciones clim\u00e1ticas y adaptar la velocidad y la distancia de seguridad en consecuencia.<\/span><\/li>\n<li data-sourcepos=\"15:1-16:0\"><span style=\"color: #000000;\"><strong>Llevar consigo un botiqu\u00edn de primeros auxilios y un tel\u00e9fono celular con bater\u00eda cargada.<\/strong><\/span><\/li>\n<\/ul>\n<h2 data-sourcepos=\"17:1-17:24\"><span style=\"color: #000000;\"><strong>El rol de la polic\u00eda<\/strong><\/span><\/h2>\n<p data-sourcepos=\"19:1-19:271\"><span style=\"color: #000000;\">La Polic\u00eda Departamental ha intensificado los controles en las rutas para garantizar la seguridad de los conductores y sus familias. Se han establecido puestos de control fijos y m\u00f3viles en puntos estrat\u00e9gicos, donde se realizan controles de alcoholemia y documentaci\u00f3n.<\/span><\/p>\n<p data-sourcepos=\"21:1-21:230\"><span style=\"color: #000000;\">Adem\u00e1s, el comisario Berm\u00fadez destac\u00f3 la importancia de la colaboraci\u00f3n ciudadana. <strong><em>\u00abLa seguridad vial es responsabilidad de todos\u00bb<\/em><\/strong>, afirm\u00f3. <strong><em>\u00abDenunciar cualquier situaci\u00f3n irregular o sospechosa puede ayudar a prevenir accidentes\u00bb.<\/em><\/strong><\/span><\/p>\n<p data-sourcepos=\"25:1-25:222\"><span style=\"color: #000000;\">La prevenci\u00f3n es clave para reducir la cantidad de siniestros viales. Al adoptar medidas simples, como respetar las normas de tr\u00e1nsito y conducir con precauci\u00f3n, podemos contribuir a hacer las rutas m\u00e1s seguras para todos.<\/span><\/p>\n","protected":false},"excerpt":{"rendered":"<p>Con el aumento del flujo vehicular debido a las vacaciones, el Comisario Iv\u00e1n Berm\u00fadez, Jefe de la Polic\u00eda Departamental, hizo un &#8230;<\/p>\n","protected":false},"author":7,"featured_media":101629,"comment_status":"open","ping_status":"open","sticky":false,"template":"","format":"standard","meta":{"footnotes":""},"categories":[7,56],"tags":[],"class_list":["post-143675","post","type-post","status-publish","format-standard","has-post-thumbnail","hentry","category-politica","category-seguridad-vial"],"_links":{"self":[{"href":"https:\/\/vinasfm.com\/noticias\/wp-json\/wp\/v2\/posts\/143675","targetHints":{"allow":["GET"]}}],"collection":[{"href":"https:\/\/vinasfm.com\/noticias\/wp-json\/wp\/v2\/posts"}],"about":[{"href":"https:\/\/vinasfm.com\/noticias\/wp-json\/wp\/v2\/types\/post"}],"author":[{"embeddable":true,"href":"https:\/\/vinasfm.com\/noticias\/wp-json\/wp\/v2\/users\/7"}],"replies":[{"embeddable":true,"href":"https:\/\/vinasfm.com\/noticias\/wp-json\/wp\/v2\/comments?post=143675"}],"version-history":[{"count":1,"href":"https:\/\/vinasfm.com\/noticias\/wp-json\/wp\/v2\/posts\/143675\/revisions"}],"predecessor-version":[{"id":143676,"href":"https:\/\/vinasfm.com\/noticias\/wp-json\/wp\/v2\/posts\/143675\/revisions\/143676"}],"wp:featuredmedia":[{"embeddable":true,"href":"https:\/\/vinasfm.com\/noticias\/wp-json\/wp\/v2\/media\/101629"}],"wp:attachment":[{"href":"https:\/\/vinasfm.com\/noticias\/wp-json\/wp\/v2\/media?parent=143675"}],"wp:term":[{"taxonomy":"category","embeddable":true,"href":"https:\/\/vinasfm.com\/noticias\/wp-json\/wp\/v2\/categories?post=143675"},{"taxonomy":"post_tag","embeddable":true,"href":"https:\/\/vinasfm.com\/noticias\/wp-json\/wp\/v2\/tags?post=143675"}],"curies":[{"name":"wp","href":"https:\/\/api.w.org\/{rel}","templated":true}]}}