{"id":143660,"date":"2025-01-24T12:10:53","date_gmt":"2025-01-24T15:10:53","guid":{"rendered":"https:\/\/vinasfm.com\/noticias\/?p=143660"},"modified":"2025-01-27T10:39:17","modified_gmt":"2025-01-27T13:39:17","slug":"desde-febrero-los-programas-enlace-y-enlace-joven-aumentaran-los-incentivos-economicos","status":"publish","type":"post","link":"https:\/\/vinasfm.com\/noticias\/desde-febrero-los-programas-enlace-y-enlace-joven-aumentaran-los-incentivos-economicos\/","title":{"rendered":"DESDE FEBRERO, LOS PROGRAMAS ENLACE Y ENLACE JOVEN AUMENTAR\u00c1N LOS INCENTIVOS ECON\u00d3MICOS"},"content":{"rendered":"<h4><span style=\"color: #000000;\">El Gobierno de Mendoza anunci\u00f3 que desde el pr\u00f3ximo mes habr\u00e1 un aumento significativo en los est\u00edmulos para los participantes en estas iniciativas de empleabilidad.<\/span><\/h4>\n<p><span style=\"color: #000000;\">A partir de febrero, el <strong>Ministerio de Producci\u00f3n<\/strong> a trav\u00e9s de su <strong>Direcci\u00f3n de Empleo y Desarrollo Empresarial<\/strong>, implementar\u00e1 un ajuste en los incentivos econ\u00f3micos de los programas<em><span style=\"color: #0000ff;\"> Enlace y Enlace Joven<\/span><\/em>, buscando dar mayor previsibilidad y continuar fortaleciendo el empleo en la provincia.<\/span><\/p>\n<p><span style=\"color: #000000;\"><strong><em>\u201cEl incremento ser\u00e1 absorbido \u00edntegramente por la Provincia, mientras que el aporte privado permanecer\u00e1 sin modificaciones, garantizando previsibilidad para las empresas y mejores condiciones para los participantes\u201d<\/em><\/strong>, destac\u00f3 <span style=\"color: #003366;\"><strong>Emilce Vega Espinoza<\/strong><\/span>, <em>subsecretaria de Empleo y Capacitaci\u00f3n.<\/em><\/span><\/p>\n<p><span style=\"color: #000000;\">Con este aumento, los est\u00edmulos, ajustados proporcionalmente al Salario M\u00ednimo Vital y M\u00f3vil (SMVM), aseguran una actualizaci\u00f3n continua que beneficia tanto a los participantes como al sector privado.<\/span><\/p>\n<h2><span style=\"color: #000000;\"><strong><br \/>\nDetalles de los programas y nuevos incentivos<\/strong><\/span><\/h2>\n<p><span style=\"color: #000000;\">\u2022<strong>Programa Enlace:<\/strong> Destinado a personas desempleadas, este programa ofrece entrenamientos laborales en ambientes reales, permitiendo a los participantes adquirir habilidades pr\u00e1cticas y mejorar su empleabilidad. Hasta enero, el incentivo econ\u00f3mico era de $80.000, pero a partir de febrero, los participantes recibir\u00e1n un monto equivalente al 40% del SMVM, es decir, $118.732.<\/span><\/p>\n<p><span style=\"color: #000000;\">\u2022<strong>Programa Enlace Joven:<\/strong> Dise\u00f1ado para estudiantes avanzados de institutos superiores y universidades, de entre 18 y 30 a\u00f1os, este programa facilita el desarrollo de experiencias profesionalizantes que impulsan su inserci\u00f3n en el mercado laboral. El incentivo, que hasta enero era de $95.000, aumentar\u00e1 a $133.574 desde febrero, equivalente al 45% del SMVM.<\/span><\/p>\n<p><span style=\"color: #000000;\">Desde la Subsecretar\u00eda de Empleo y Capacitaci\u00f3n destacaron que <strong>esta actualizaci\u00f3n es una muestra del compromiso de Mendoza con la generaci\u00f3n de empleo de calidad y el acompa\u00f1amiento al sector privado en la mejora de la empleabilidad de sus ciudadanos.<\/strong><\/span><\/p>\n<p><span style=\"color: #000000;\">Para m\u00e1s informaci\u00f3n sobre los programas Enlace y Enlace Joven, ingresar en la p\u00e1gina del Ministerio de Producci\u00f3n:\u00a0<\/span><a href=\"http:\/\/www.mendoza.gov.ar\/economia\" target=\"_blank\" rel=\"noreferrer noopener\">www.mendoza.gov.ar\/economia<\/a>.<\/p>\n","protected":false},"excerpt":{"rendered":"<p>El Gobierno de Mendoza anunci\u00f3 que desde el pr\u00f3ximo mes habr\u00e1 un aumento significativo en los est\u00edmulos para los participantes en &#8230;<\/p>\n","protected":false},"author":7,"featured_media":143661,"comment_status":"open","ping_status":"open","sticky":false,"template":"","format":"standard","meta":{"footnotes":""},"categories":[5,16],"tags":[],"class_list":["post-143660","post","type-post","status-publish","format-standard","has-post-thumbnail","hentry","category-actualidad","category-economia"],"_links":{"self":[{"href":"https:\/\/vinasfm.com\/noticias\/wp-json\/wp\/v2\/posts\/143660","targetHints":{"allow":["GET"]}}],"collection":[{"href":"https:\/\/vinasfm.com\/noticias\/wp-json\/wp\/v2\/posts"}],"about":[{"href":"https:\/\/vinasfm.com\/noticias\/wp-json\/wp\/v2\/types\/post"}],"author":[{"embeddable":true,"href":"https:\/\/vinasfm.com\/noticias\/wp-json\/wp\/v2\/users\/7"}],"replies":[{"embeddable":true,"href":"https:\/\/vinasfm.com\/noticias\/wp-json\/wp\/v2\/comments?post=143660"}],"version-history":[{"count":1,"href":"https:\/\/vinasfm.com\/noticias\/wp-json\/wp\/v2\/posts\/143660\/revisions"}],"predecessor-version":[{"id":143662,"href":"https:\/\/vinasfm.com\/noticias\/wp-json\/wp\/v2\/posts\/143660\/revisions\/143662"}],"wp:featuredmedia":[{"embeddable":true,"href":"https:\/\/vinasfm.com\/noticias\/wp-json\/wp\/v2\/media\/143661"}],"wp:attachment":[{"href":"https:\/\/vinasfm.com\/noticias\/wp-json\/wp\/v2\/media?parent=143660"}],"wp:term":[{"taxonomy":"category","embeddable":true,"href":"https:\/\/vinasfm.com\/noticias\/wp-json\/wp\/v2\/categories?post=143660"},{"taxonomy":"post_tag","embeddable":true,"href":"https:\/\/vinasfm.com\/noticias\/wp-json\/wp\/v2\/tags?post=143660"}],"curies":[{"name":"wp","href":"https:\/\/api.w.org\/{rel}","templated":true}]}}