{"id":143651,"date":"2025-01-24T10:19:20","date_gmt":"2025-01-24T13:19:20","guid":{"rendered":"https:\/\/vinasfm.com\/noticias\/?p=143651"},"modified":"2025-01-27T10:39:37","modified_gmt":"2025-01-27T13:39:37","slug":"el-ipv-premia-a-los-adjudicatarios-al-dia-y-facilita-el-recupero-de-deudas","status":"publish","type":"post","link":"https:\/\/vinasfm.com\/noticias\/el-ipv-premia-a-los-adjudicatarios-al-dia-y-facilita-el-recupero-de-deudas\/","title":{"rendered":"EL IPV PREMIA A LOS ADJUDICATARIOS AL D\u00cdA Y FACILITA EL RECUPERO DE DEUDAS"},"content":{"rendered":"<h4><span style=\"color: #000000;\">El titular del Instituto Provincial de la Vivienda (<span class=\"error misspelling\" title=\"Se ha encontrado un posible error ortogr\u00e1fico.\" data-type=\"misspelling\" data-suggestions=\"[{&quot;value&quot;:&quot;IPC&quot;},{&quot;value&quot;:&quot;IGV&quot;},{&quot;value&quot;:&quot;IMV&quot;},{&quot;value&quot;:&quot;IP&quot;},{&quot;value&quot;:&quot;IPS&quot;},{&quot;value&quot;:&quot;ITV&quot;},{&quot;value&quot;:&quot;IV&quot;}]\" data-rule=\"MORFOLOGIK_RULE_ES\" data-word=\"IPV\">IPV<\/span>), Gustavo Cantero, se refiri\u00f3 a una serie de beneficios para los adjudicatarios que mantienen sus cr\u00e9ditos al d\u00eda, as\u00ed como tambi\u00e9n medidas para facilitar la regularizaci\u00f3n de deudas. <\/span><\/h4>\n<p><span style=\"color: #000000;\"><em><strong><span class=\"error grammar\" title=\"En una tipograf\u00eda cuidada, use comillas tipogr\u00e1ficas.\" data-type=\"grammar\" data-suggestions=\"[{&quot;value&quot;:&quot;\u201c&quot;},{&quot;value&quot;:&quot;\u00ab&quot;}]\" data-rule=\"COMILLAS_TIPOGRAFICAS\" data-word=\"&quot;\">\u00ab<\/span>Todos los a\u00f1os damos un beneficio a esa gente que hace el esfuerzo de mantener su cr\u00e9dito al d\u00eda<span class=\"error grammar\" title=\"En una tipograf\u00eda cuidada, use comillas tipogr\u00e1ficas.\" data-type=\"grammar\" data-suggestions=\"[{&quot;value&quot;:&quot;\u201d&quot;},{&quot;value&quot;:&quot;\u00bb&quot;}]\" data-rule=\"COMILLAS_TIPOGRAFICAS\" data-word=\"&quot;\">\u00ab<\/span><\/strong><\/em>, explic\u00f3 <span style=\"color: #003366;\"><strong>Cantero<\/strong><\/span> en di\u00e1logo con <span style=\"color: #800080;\"><strong>FM VI\u00d1AS<\/strong><\/span>. <\/span><strong><em><span title=\"En una tipograf\u00eda cuidada, use comillas tipogr\u00e1ficas.\" data-type=\"grammar\" data-suggestions=\"[{&quot;value&quot;:&quot;\u201c&quot;},{&quot;value&quot;:&quot;\u00ab&quot;}]\" data-rule=\"COMILLAS_TIPOGRAFICAS\" data-word=\"&quot;\">\u00ab<\/span>Realmente aportan y hacen un gran sacrificio para pagar su cuota, entonces les damos la posibilidad de adelantar cuotas: de 6 cuotas en adelante en los planes l\u00ednea 1, y para los que tienen una tasa m\u00e1s alta como <span title=\"Se ha encontrado un posible error ortogr\u00e1fico.\" data-type=\"misspelling\" data-suggestions=\"[{&quot;value&quot;:&quot;UNA&quot;},{&quot;value&quot;:&quot;USA&quot;},{&quot;value&quot;:&quot;IBA&quot;},{&quot;value&quot;:&quot;UVA&quot;},{&quot;value&quot;:&quot;U\u00d1A&quot;},{&quot;value&quot;:&quot;CUBA&quot;},{&quot;value&quot;:&quot;SUBA&quot;}]\" data-rule=\"MORFOLOGIK_RULE_ES\" data-word=\"UBA\">UVA<\/span>, lo hacemos a partir de 3 cuotas en adelante, porque son los que m\u00e1s sufren el tema inflacionario<span title=\"En una tipograf\u00eda cuidada, use comillas tipogr\u00e1ficas.\" data-type=\"grammar\" data-suggestions=\"[{&quot;value&quot;:&quot;\u201d&quot;},{&quot;value&quot;:&quot;\u00bb&quot;}]\" data-rule=\"COMILLAS_TIPOGRAFICAS\" data-word=\"&quot;\">\u00ab<\/span>. <\/em><\/strong><\/p>\n<p><span style=\"color: #000000;\">El titular del <span class=\"error misspelling\" title=\"Se ha encontrado un posible error ortogr\u00e1fico.\" data-type=\"misspelling\" data-suggestions=\"[{&quot;value&quot;:&quot;IPC&quot;},{&quot;value&quot;:&quot;IGV&quot;},{&quot;value&quot;:&quot;IMV&quot;},{&quot;value&quot;:&quot;IP&quot;},{&quot;value&quot;:&quot;IPS&quot;},{&quot;value&quot;:&quot;ITV&quot;},{&quot;value&quot;:&quot;IV&quot;}]\" data-rule=\"MORFOLOGIK_RULE_ES\" data-word=\"IPV\">IPV<\/span> invit\u00f3 a los adjudicatarios a informarse sobre estos beneficios a trav\u00e9s de la p\u00e1gina web del instituto, los centros de atenci\u00f3n municipales o acerc\u00e1ndose a las oficinas en calle Lavalle, en el Gran Mendoza. <strong><em><span class=\"error grammar\" title=\"En una tipograf\u00eda cuidada, use comillas tipogr\u00e1ficas.\" data-type=\"grammar\" data-suggestions=\"[{&quot;value&quot;:&quot;\u201c&quot;},{&quot;value&quot;:&quot;\u00ab&quot;}]\" data-rule=\"COMILLAS_TIPOGRAFICAS\" data-word=\"&quot;\">\u00ab<\/span>Es un incentivo m\u00e1s para que estemos al d\u00eda y para que la rueda siga funcionando<span class=\"error grammar\" title=\"En una tipograf\u00eda cuidada, use comillas tipogr\u00e1ficas.\" data-type=\"grammar\" data-suggestions=\"[{&quot;value&quot;:&quot;\u201d&quot;},{&quot;value&quot;:&quot;\u00bb&quot;}]\" data-rule=\"COMILLAS_TIPOGRAFICAS\" data-word=\"&quot;\">\u00ab<\/span><\/em><\/strong>, agreg\u00f3. <\/span><\/p>\n<p><span style=\"color: #000000;\">En cuanto <span class=\"error grammar\" title=\"Combinaci\u00f3n imposible: preposici\u00f3n seguida de verbo conjugado.\" data-type=\"grammar\" data-suggestions=\"[{&quot;value&quot;:&quot;al recuero&quot;}]\" data-rule=\"PREP_VERB\" data-word=\"al recupero\">al recupero<\/span> de deudas, Cantero record\u00f3 la ley 9.571 del a\u00f1o pasado, que ofrec\u00eda beneficios para la cancelaci\u00f3n de cr\u00e9ditos adeudados. Gracias a esta ley y otras medidas, se ha logrado reducir la cartera de deudas a cerca de 15.000 cr\u00e9ditos y bajar la mora a aproximadamente el 38%.<em><strong> <span class=\"error grammar\" title=\"En una tipograf\u00eda cuidada, use comillas tipogr\u00e1ficas.\" data-type=\"grammar\" data-suggestions=\"[{&quot;value&quot;:&quot;\u201c&quot;},{&quot;value&quot;:&quot;\u00ab&quot;}]\" data-rule=\"COMILLAS_TIPOGRAFICAS\" data-word=\"&quot;\">\u00ab<\/span>Estamos trabajando para tratar de achicar esa brecha lo m\u00e1s posible para que <span class=\"error grammar\" title=\"El pronombre personal \u00ab\u00e9l\u00bb lleva tilde.\" data-type=\"grammar\" data-suggestions=\"[{&quot;value&quot;:&quot;\u00e9l&quot;}]\" data-rule=\"EL_TILDE\" data-word=\"el\">el<\/span> recupero sea un eslab\u00f3n m\u00e1s en la cadena de la pol\u00edtica de vivienda de la provincia<span class=\"error grammar\" title=\"En una tipograf\u00eda cuidada, use comillas tipogr\u00e1ficas.\" data-type=\"grammar\" data-suggestions=\"[{&quot;value&quot;:&quot;\u201d&quot;},{&quot;value&quot;:&quot;\u00bb&quot;}]\" data-rule=\"COMILLAS_TIPOGRAFICAS\" data-word=\"&quot;\">\u00ab<\/span><\/strong><\/em>, afirm\u00f3.<\/span><\/p>\n<p><span style=\"color: #000000;\"> Cantero tambi\u00e9n destac\u00f3 la amplia gama de medios de pago disponibles, incluyendo la p\u00e1gina <em>\u00ab<span class=\"error grammar\" title=\"Forma correcta si se usa voseo. Si no, utilice una forma alternativa.\" data-type=\"grammar\" data-suggestions=\"[{&quot;value&quot;:&quot;Paga&quot;},{&quot;value&quot;:&quot;Pagad&quot;}]\" data-rule=\"VOSEO\" data-word=\"Pag\u00e1\">Pag\u00e1<\/span> tu factura online<span class=\"error grammar\" title=\"En una tipograf\u00eda cuidada, use comillas tipogr\u00e1ficas.\" data-type=\"grammar\" data-suggestions=\"[{&quot;value&quot;:&quot;\u201d&quot;},{&quot;value&quot;:&quot;\u00bb&quot;}]\" data-rule=\"COMILLAS_TIPOGRAFICAS\" data-word=\"&quot;\">\u00ab<\/span><\/em>, E-PAGOS, tarjetas de cr\u00e9dito y otros. Adem\u00e1s, <span class=\"error grammar\" title=\"Error de concordancia.\" data-type=\"grammar\" data-suggestions=\"[{&quot;value&quot;:&quot;el CAM&quot;},{&quot;value&quot;:&quot;la CAM&quot;}]\" data-rule=\"AGREEMENT_DET_NOUN\" data-word=\"las CAM\">las CAM<\/span> <em>(Centros de Atenci\u00f3n Municipal)<\/em> ofrecen asesoramiento y gu\u00eda para la cancelaci\u00f3n de deudas. <\/span><\/p>\n<p><span style=\"color: #000000;\"><strong><em><span class=\"error grammar\" title=\"En una tipograf\u00eda cuidada, use comillas tipogr\u00e1ficas.\" data-type=\"grammar\" data-suggestions=\"[{&quot;value&quot;:&quot;\u201c&quot;},{&quot;value&quot;:&quot;\u00ab&quot;}]\" data-rule=\"COMILLAS_TIPOGRAFICAS\" data-word=\"&quot;\">\u00ab<\/span>El que est\u00e1 al d\u00eda y no quiere acogerse a este beneficio de adelantar cuotas, por estar al d\u00eda tambi\u00e9n tiene un 10% de descuento en la cuota<span class=\"error grammar\" title=\"En una tipograf\u00eda cuidada, use comillas tipogr\u00e1ficas.\" data-type=\"grammar\" data-suggestions=\"[{&quot;value&quot;:&quot;\u201d&quot;},{&quot;value&quot;:&quot;\u00bb&quot;}]\" data-rule=\"COMILLAS_TIPOGRAFICAS\" data-word=\"&quot;\">\u00ab<\/span><\/em><\/strong>, a\u00f1adi\u00f3 Cantero, buscando incentivar y premiar a quienes cumplen con sus obligaciones. <strong><em><span class=\"error grammar\" title=\"En una tipograf\u00eda cuidada, use comillas tipogr\u00e1ficas.\" data-type=\"grammar\" data-suggestions=\"[{&quot;value&quot;:&quot;\u201c&quot;},{&quot;value&quot;:&quot;\u00ab&quot;}]\" data-rule=\"COMILLAS_TIPOGRAFICAS\" data-word=\"&quot;\">\u00ab<\/span>Queremos poner en valor a esta gente que ha comprendido cu\u00e1l es la esencia de un cr\u00e9dito hipotecario dado por el Estado, donde el Estado somos todos<span class=\"error grammar\" title=\"En una tipograf\u00eda cuidada, use comillas tipogr\u00e1ficas.\" data-type=\"grammar\" data-suggestions=\"[{&quot;value&quot;:&quot;\u201d&quot;},{&quot;value&quot;:&quot;\u00bb&quot;}]\" data-rule=\"COMILLAS_TIPOGRAFICAS\" data-word=\"&quot;\">\u00ab<\/span>.<\/em><\/strong><\/span><\/p>\n<p><span style=\"color: #000000;\"> El titular del <span class=\"error misspelling\" title=\"Se ha encontrado un posible error ortogr\u00e1fico.\" data-type=\"misspelling\" data-suggestions=\"[{&quot;value&quot;:&quot;IPC&quot;},{&quot;value&quot;:&quot;IGV&quot;},{&quot;value&quot;:&quot;IMV&quot;},{&quot;value&quot;:&quot;IP&quot;},{&quot;value&quot;:&quot;IPS&quot;},{&quot;value&quot;:&quot;ITV&quot;},{&quot;value&quot;:&quot;IV&quot;}]\" data-rule=\"MORFOLOGIK_RULE_ES\" data-word=\"IPV\">IPV<\/span> resalt\u00f3 el \u00e9xito del programa <span class=\"error grammar\" title=\"En una tipograf\u00eda cuidada, use comillas tipogr\u00e1ficas.\" data-type=\"grammar\" data-suggestions=\"[{&quot;value&quot;:&quot;\u201c&quot;},{&quot;value&quot;:&quot;\u00ab&quot;}]\" data-rule=\"COMILLAS_TIPOGRAFICAS\" data-word=\"&quot;\">\u00ab<\/span>Mejoro Mi Casa<span class=\"error grammar\" title=\"En una tipograf\u00eda cuidada, use comillas tipogr\u00e1ficas.\" data-type=\"grammar\" data-suggestions=\"[{&quot;value&quot;:&quot;\u201d&quot;},{&quot;value&quot;:&quot;\u00bb&quot;}]\" data-rule=\"COMILLAS_TIPOGRAFICAS\" data-word=\"&quot;\">\u00ab<\/span>, un programa social destinado a personas con necesidades b\u00e1sicas insatisfechas. Este programa se ha extendido a toda la provincia, brindando soluciones habitacionales a quienes m\u00e1s lo necesitan. <\/span><\/p>\n<p><span style=\"color: #000000;\">En l\u00ednea con la pol\u00edtica del gobernador de ser federal y estar presente en todo el territorio, Cantero destac\u00f3 la buena relaci\u00f3n con los intendentes y el trabajo conjunto para dar soluciones a la gente. <\/span><\/p>\n<p><span style=\"color: #000000;\">Finalmente, Cantero adelant\u00f3 novedades para General Alvear en febrero, con el anuncio de licitaciones y soluciones para los beneficiarios. Adem\u00e1s, s<strong>e est\u00e1 trabajando con los bancos para facilitar el acceso a cr\u00e9ditos hipotecarios a la clase media asalariada, buscando una soluci\u00f3n conjunta entre el Estado, el sector privado y la banca.<\/strong><\/span><\/p>\n","protected":false},"excerpt":{"rendered":"<p>El titular del Instituto Provincial de la Vivienda (IPV), Gustavo Cantero, se refiri\u00f3 a una serie de beneficios para los adjudicatarios &#8230;<\/p>\n","protected":false},"author":7,"featured_media":143652,"comment_status":"open","ping_status":"open","sticky":false,"template":"","format":"standard","meta":{"footnotes":""},"categories":[10,67],"tags":[],"class_list":["post-143651","post","type-post","status-publish","format-standard","has-post-thumbnail","hentry","category-destacadas","category-ipv"],"_links":{"self":[{"href":"https:\/\/vinasfm.com\/noticias\/wp-json\/wp\/v2\/posts\/143651","targetHints":{"allow":["GET"]}}],"collection":[{"href":"https:\/\/vinasfm.com\/noticias\/wp-json\/wp\/v2\/posts"}],"about":[{"href":"https:\/\/vinasfm.com\/noticias\/wp-json\/wp\/v2\/types\/post"}],"author":[{"embeddable":true,"href":"https:\/\/vinasfm.com\/noticias\/wp-json\/wp\/v2\/users\/7"}],"replies":[{"embeddable":true,"href":"https:\/\/vinasfm.com\/noticias\/wp-json\/wp\/v2\/comments?post=143651"}],"version-history":[{"count":1,"href":"https:\/\/vinasfm.com\/noticias\/wp-json\/wp\/v2\/posts\/143651\/revisions"}],"predecessor-version":[{"id":143653,"href":"https:\/\/vinasfm.com\/noticias\/wp-json\/wp\/v2\/posts\/143651\/revisions\/143653"}],"wp:featuredmedia":[{"embeddable":true,"href":"https:\/\/vinasfm.com\/noticias\/wp-json\/wp\/v2\/media\/143652"}],"wp:attachment":[{"href":"https:\/\/vinasfm.com\/noticias\/wp-json\/wp\/v2\/media?parent=143651"}],"wp:term":[{"taxonomy":"category","embeddable":true,"href":"https:\/\/vinasfm.com\/noticias\/wp-json\/wp\/v2\/categories?post=143651"},{"taxonomy":"post_tag","embeddable":true,"href":"https:\/\/vinasfm.com\/noticias\/wp-json\/wp\/v2\/tags?post=143651"}],"curies":[{"name":"wp","href":"https:\/\/api.w.org\/{rel}","templated":true}]}}