{"id":143642,"date":"2025-01-24T08:41:59","date_gmt":"2025-01-24T11:41:59","guid":{"rendered":"https:\/\/vinasfm.com\/noticias\/?p=143642"},"modified":"2025-01-24T08:41:59","modified_gmt":"2025-01-24T11:41:59","slug":"el-gobierno-provincial-lanza-licitacion-para-reforzar-la-flota-de-patrulleros-policiales","status":"publish","type":"post","link":"https:\/\/vinasfm.com\/noticias\/el-gobierno-provincial-lanza-licitacion-para-reforzar-la-flota-de-patrulleros-policiales\/","title":{"rendered":"EL GOBIERNO PROVINCIAL LANZA LICITACI\u00d3N PARA REFORZAR LA FLOTA DE PATRULLEROS POLICIALES"},"content":{"rendered":"<h4><span style=\"color: #000000;\"><strong>A trav\u00e9s de un decreto oficial, el Ministerio de Seguridad y Justicia busca ampliar la flota policial con 100 nuevos veh\u00edculos, lo que permitir\u00e1 dotar de herramientas y mejorar la capacidad operativa de la Polic\u00eda en toda la provincia.<\/strong><\/span><\/h4>\n<p><span style=\"color: #000000;\">El <strong>Gobierno de Mendoza anunci\u00f3<\/strong>, a trav\u00e9s del Decreto 67, <strong>el llamado a licitaci\u00f3n para la adquisici\u00f3n de 100 nuevos patrulleros policiales.<\/strong> La medida, que fue publicada en el Bolet\u00edn Oficial,<strong> tiene como objetivo dotar de herramientas a la Polic\u00eda para optimizar el patrullaje en todo el territorio provincial.\u00a0<\/strong><\/span><\/p>\n<p><span style=\"color: #000000;\">La nueva flota <strong>estar\u00e1 conformada por 93 veh\u00edculos cero kil\u00f3metros tipo sed\u00e1n de cuatro puertas para la funci\u00f3n policial.<\/strong> Adem\u00e1s, <strong>se incluir\u00e1n otros 7 rodados del mismo modelo, sin equipamiento policial, que podr\u00e1n ser utilizados en diferentes tareas dentro de la fuerza.<\/strong><\/span><\/p>\n<p><span style=\"color: #000000;\">La licitaci\u00f3n, <strong>cuya apertura est\u00e1 prevista para mediados de febrero, fue solicitada por la divisi\u00f3n Compras de la direcci\u00f3n de Log\u00edstica de la cartera de Seguridad y Justicia.<\/strong><\/span><\/p>\n<p><span style=\"color: #000000;\">Esta medida se enmarca dentro de las pol\u00edticas de seguridad impulsadas por el Gobierno provincial, que busca garantizar una mayor presencia policial en las calles y mejorar la respuesta ante situaciones de emergencias.<\/span><\/p>\n","protected":false},"excerpt":{"rendered":"<p>A trav\u00e9s de un decreto oficial, el Ministerio de Seguridad y Justicia busca ampliar la flota policial con 100 nuevos veh\u00edculos, &#8230;<\/p>\n","protected":false},"author":7,"featured_media":143643,"comment_status":"open","ping_status":"open","sticky":false,"template":"","format":"standard","meta":{"footnotes":""},"categories":[1],"tags":[],"class_list":["post-143642","post","type-post","status-publish","format-standard","has-post-thumbnail","hentry","category-fmvinas"],"_links":{"self":[{"href":"https:\/\/vinasfm.com\/noticias\/wp-json\/wp\/v2\/posts\/143642","targetHints":{"allow":["GET"]}}],"collection":[{"href":"https:\/\/vinasfm.com\/noticias\/wp-json\/wp\/v2\/posts"}],"about":[{"href":"https:\/\/vinasfm.com\/noticias\/wp-json\/wp\/v2\/types\/post"}],"author":[{"embeddable":true,"href":"https:\/\/vinasfm.com\/noticias\/wp-json\/wp\/v2\/users\/7"}],"replies":[{"embeddable":true,"href":"https:\/\/vinasfm.com\/noticias\/wp-json\/wp\/v2\/comments?post=143642"}],"version-history":[{"count":1,"href":"https:\/\/vinasfm.com\/noticias\/wp-json\/wp\/v2\/posts\/143642\/revisions"}],"predecessor-version":[{"id":143644,"href":"https:\/\/vinasfm.com\/noticias\/wp-json\/wp\/v2\/posts\/143642\/revisions\/143644"}],"wp:featuredmedia":[{"embeddable":true,"href":"https:\/\/vinasfm.com\/noticias\/wp-json\/wp\/v2\/media\/143643"}],"wp:attachment":[{"href":"https:\/\/vinasfm.com\/noticias\/wp-json\/wp\/v2\/media?parent=143642"}],"wp:term":[{"taxonomy":"category","embeddable":true,"href":"https:\/\/vinasfm.com\/noticias\/wp-json\/wp\/v2\/categories?post=143642"},{"taxonomy":"post_tag","embeddable":true,"href":"https:\/\/vinasfm.com\/noticias\/wp-json\/wp\/v2\/tags?post=143642"}],"curies":[{"name":"wp","href":"https:\/\/api.w.org\/{rel}","templated":true}]}}