{"id":143615,"date":"2025-01-22T18:32:27","date_gmt":"2025-01-22T21:32:27","guid":{"rendered":"https:\/\/vinasfm.com\/noticias\/?p=143615"},"modified":"2025-01-22T18:32:27","modified_gmt":"2025-01-22T21:32:27","slug":"el-gobierno-provincial-habilitara-parcialmente-el-camino-del-canon-del-atuel","status":"publish","type":"post","link":"https:\/\/vinasfm.com\/noticias\/el-gobierno-provincial-habilitara-parcialmente-el-camino-del-canon-del-atuel\/","title":{"rendered":"EL GOBIERNO PROVINCIAL HABILITAR\u00c1 PARCIALMENTE EL CAMINO DEL CA\u00d1\u00d3N DEL ATUEL"},"content":{"rendered":"<h4>Vialidad Mendoza consigui\u00f3 dejar transitables dos tramos que parten desde los embalses Valle Grande y El Nihuil.<\/h4>\n<p>El resto del camino continuar\u00e1 cerrado.<br \/>\nComo se comprometi\u00f3 la semana pasada en su \u00faltima visita a San Rafael, <em>la subsecretaria de Infraestructura y Desarrollo Territorial<\/em>, <span style=\"color: #003366;\"><strong>Marit\u00e9 Badui<\/strong><\/span>, anunci\u00f3 que a partir de <strong>ma\u00f1ana jueves quedar\u00e1 habilitado el circuito del Ca\u00f1\u00f3n del Atuel, para que el turismo y los mendocinos pueda disfrutar de este camino, una de las atracciones m\u00e1s demandadas en el Sur provincial.<\/strong><\/p>\n<p>Los tramos que se abrir\u00e1n al tr\u00e1nsito estar\u00e1n accesibles para todo tipo de veh\u00edculos. Mientras tanto, el resto del circuito continuar\u00e1 cerrado mientras Vialidad Mendoza contin\u00faa trabajando en su recuperaci\u00f3n.<\/p>\n<p>Badui afirm\u00f3: <strong><em>\u201cNos hab\u00edamos comprometido para este viernes 24 tener recuperado el camino desde Valle Grande hasta el submarino y desde El Nihuil hasta la Central Hidroel\u00e9ctrica N\u00b01, y hoy estamos en condiciones de decir que ma\u00f1ana jueves, un d\u00eda antes, pueden estar habilitados estos dos ingresos y en unos de ellos se puede avanzar un poco m\u00e1s\u201d.<\/em><\/strong><\/p>\n<p>Agreg\u00f3 que <strong><em>\u201cen el caso del recorrido de Valle Grande, vamos m\u00e1s all\u00e1 del submarino, pudiendo habilitar hasta La Frazada, que era algo muy demandado por la actividad tur\u00edstica del departamento. Estamos muy conformes con el trabajo realizado por los equipos de la Direcci\u00f3n Provincial de Vialidad y de toda nuestra gente en el Sur\u201d.<\/em><\/strong><\/p>\n<p>Luego de 11 d\u00edas continuos de trabajo, los hombres de Vialidad Mendoza se ocuparon de emparejar el camino, reparar las banquinas y desag\u00fces, acondicionar los badenes y trasladar y colocar varias toneladas de material de base o material fino, fundamental para que esta ruta de suelo natural pueda ser transitable.<\/p>\n","protected":false},"excerpt":{"rendered":"<p>Vialidad Mendoza consigui\u00f3 dejar transitables dos tramos que parten desde los embalses Valle Grande y El Nihuil. El resto del camino &#8230;<\/p>\n","protected":false},"author":7,"featured_media":143616,"comment_status":"open","ping_status":"open","sticky":false,"template":"","format":"standard","meta":{"footnotes":""},"categories":[1],"tags":[],"class_list":["post-143615","post","type-post","status-publish","format-standard","has-post-thumbnail","hentry","category-fmvinas"],"_links":{"self":[{"href":"https:\/\/vinasfm.com\/noticias\/wp-json\/wp\/v2\/posts\/143615","targetHints":{"allow":["GET"]}}],"collection":[{"href":"https:\/\/vinasfm.com\/noticias\/wp-json\/wp\/v2\/posts"}],"about":[{"href":"https:\/\/vinasfm.com\/noticias\/wp-json\/wp\/v2\/types\/post"}],"author":[{"embeddable":true,"href":"https:\/\/vinasfm.com\/noticias\/wp-json\/wp\/v2\/users\/7"}],"replies":[{"embeddable":true,"href":"https:\/\/vinasfm.com\/noticias\/wp-json\/wp\/v2\/comments?post=143615"}],"version-history":[{"count":1,"href":"https:\/\/vinasfm.com\/noticias\/wp-json\/wp\/v2\/posts\/143615\/revisions"}],"predecessor-version":[{"id":143617,"href":"https:\/\/vinasfm.com\/noticias\/wp-json\/wp\/v2\/posts\/143615\/revisions\/143617"}],"wp:featuredmedia":[{"embeddable":true,"href":"https:\/\/vinasfm.com\/noticias\/wp-json\/wp\/v2\/media\/143616"}],"wp:attachment":[{"href":"https:\/\/vinasfm.com\/noticias\/wp-json\/wp\/v2\/media?parent=143615"}],"wp:term":[{"taxonomy":"category","embeddable":true,"href":"https:\/\/vinasfm.com\/noticias\/wp-json\/wp\/v2\/categories?post=143615"},{"taxonomy":"post_tag","embeddable":true,"href":"https:\/\/vinasfm.com\/noticias\/wp-json\/wp\/v2\/tags?post=143615"}],"curies":[{"name":"wp","href":"https:\/\/api.w.org\/{rel}","templated":true}]}}