{"id":143613,"date":"2025-01-22T11:22:46","date_gmt":"2025-01-22T14:22:46","guid":{"rendered":"https:\/\/vinasfm.com\/noticias\/?p=143613"},"modified":"2025-01-25T09:21:20","modified_gmt":"2025-01-25T12:21:20","slug":"productores-ya-pueden-realizar-las-denuncias-por-los-danos-ocasionados-por-las-tormentas","status":"publish","type":"post","link":"https:\/\/vinasfm.com\/noticias\/productores-ya-pueden-realizar-las-denuncias-por-los-danos-ocasionados-por-las-tormentas\/","title":{"rendered":"PRODUCTORES YA PUEDEN REALIZAR LAS DENUNCIAS POR LOS DA\u00d1OS OCASIONADOS POR LAS TORMENTAS"},"content":{"rendered":"<h4><span style=\"color: #000000;\">A partir del 20 de enero, los productores pueden realizar sus denuncias de manera digital, lo que permitir\u00e1 una respuesta m\u00e1s r\u00e1pida y eficiente. Esta medida se suma a las acciones que se est\u00e1n llevando a cabo para asistir a los productores afectados por las recientes tormentas. <\/span><\/h4>\n<p><span style=\"color: #000000;\"><span style=\"color: #003366;\"><strong>Seg\u00fan Hugo Molina<\/strong><\/span>, <em>Secretario de Promoci\u00f3n y Desarrollo Departamental<\/em>, <em><strong><span class=\"error grammar\" title=\"En una tipograf\u00eda cuidada, use comillas tipogr\u00e1ficas.\" data-type=\"grammar\" data-suggestions=\"[{&quot;value&quot;:&quot;\u201c&quot;},{&quot;value&quot;:&quot;\u00ab&quot;}]\" data-rule=\"COMILLAS_TIPOGRAFICAS\" data-word=\"&quot;\">\u00ab<\/span>la combinaci\u00f3n de lluvias y altas temperaturas ha generado desaf\u00edos para los cultivos, especialmente para la uva<span class=\"error grammar\" title=\"En una tipograf\u00eda cuidada, use comillas tipogr\u00e1ficas.\" data-type=\"grammar\" data-suggestions=\"[{&quot;value&quot;:&quot;\u201d&quot;},{&quot;value&quot;:&quot;\u00bb&quot;}]\" data-rule=\"COMILLAS_TIPOGRAFICAS\" data-word=\"&quot;\">\u00ab<\/span>.<\/strong> <\/em>Sin embargo, asegur\u00f3 que la situaci\u00f3n no es alarmante y que los productores cuentan con las herramientas necesarias para mitigar los efectos de estas condiciones clim\u00e1ticas adversas. <\/span><\/p>\n<p><span style=\"color: #000000;\">Molina destac\u00f3 la importancia de brindar asistencia t\u00e9cnica a los productores para que puedan enfrentar estos desaf\u00edos y optimizar sus producciones.<strong><em> <span class=\"error grammar\" title=\"En una tipograf\u00eda cuidada, use comillas tipogr\u00e1ficas.\" data-type=\"grammar\" data-suggestions=\"[{&quot;value&quot;:&quot;\u201c&quot;},{&quot;value&quot;:&quot;\u00ab&quot;}]\" data-rule=\"COMILLAS_TIPOGRAFICAS\" data-word=\"&quot;\">\u00ab<\/span>Estamos trabajando en la creaci\u00f3n de un censo del sector industrial para identificar las necesidades espec\u00edficas de cada productor y as\u00ed poder brindarles un acompa\u00f1amiento m\u00e1s personalizado<span class=\"error grammar\" title=\"En una tipograf\u00eda cuidada, use comillas tipogr\u00e1ficas.\" data-type=\"grammar\" data-suggestions=\"[{&quot;value&quot;:&quot;\u201d&quot;},{&quot;value&quot;:&quot;\u00bb&quot;}]\" data-rule=\"COMILLAS_TIPOGRAFICAS\" data-word=\"&quot;\">\u00ab<\/span><\/em><\/strong>, afirm\u00f3.<\/span><\/p>\n<p><span style=\"color: #000000;\"> Adem\u00e1s, el funcionario hizo hincapi\u00e9 en la necesidad de mejorar la infraestructura productiva, como por ejemplo, la provisi\u00f3n de gas natural a las industrias alimentarias. <strong><em><span class=\"error grammar\" title=\"En una tipograf\u00eda cuidada, use comillas tipogr\u00e1ficas.\" data-type=\"grammar\" data-suggestions=\"[{&quot;value&quot;:&quot;\u201c&quot;},{&quot;value&quot;:&quot;\u00ab&quot;}]\" data-rule=\"COMILLAS_TIPOGRAFICAS\" data-word=\"&quot;\">\u00ab<\/span>La falta de gas natural limita el desarrollo de muchas industrias y encarece los costos de producci\u00f3n<span class=\"error grammar\" title=\"En una tipograf\u00eda cuidada, use comillas tipogr\u00e1ficas.\" data-type=\"grammar\" data-suggestions=\"[{&quot;value&quot;:&quot;\u201d&quot;},{&quot;value&quot;:&quot;\u00bb&quot;}]\" data-rule=\"COMILLAS_TIPOGRAFICAS\" data-word=\"&quot;\">\u00ab<\/span><\/em><\/strong>, se\u00f1al\u00f3 Molina. <\/span><\/p>\n<h2><span style=\"color: #000000;\">Mitigaci\u00f3n de granizadas y asistencia a los productores afectados <\/span><\/h2>\n<p><span style=\"color: #000000;\">Respecto a las medidas de mitigaci\u00f3n de granizadas, Molina destac\u00f3 la importancia de los aviones <span class=\"error misspelling selected\" title=\"Se ha encontrado un posible error ortogr\u00e1fico.\" data-type=\"misspelling\" data-suggestions=\"[]\" data-rule=\"MORFOLOGIK_RULE_ES\" data-word=\"antigranizo\">antigranizo<\/span>. <strong><em><span class=\"error grammar\" title=\"En una tipograf\u00eda cuidada, use comillas tipogr\u00e1ficas.\" data-type=\"grammar\" data-suggestions=\"[{&quot;value&quot;:&quot;\u201c&quot;},{&quot;value&quot;:&quot;\u00ab&quot;}]\" data-rule=\"COMILLAS_TIPOGRAFICAS\" data-word=\"&quot;\">\u00ab<\/span>Si bien no podemos garantizar una efectividad del 100%, estos aviones han demostrado ser una herramienta valiosa para reducir los da\u00f1os causados por las granizadas<span class=\"error grammar\" title=\"En una tipograf\u00eda cuidada, use comillas tipogr\u00e1ficas.\" data-type=\"grammar\" data-suggestions=\"[{&quot;value&quot;:&quot;\u201d&quot;},{&quot;value&quot;:&quot;\u00bb&quot;}]\" data-rule=\"COMILLAS_TIPOGRAFICAS\" data-word=\"&quot;\">\u00ab<\/span><\/em><\/strong>, afirm\u00f3. <\/span><\/p>\n<p><span style=\"color: #000000;\">En cuanto a la asistencia a los productores afectados por las \u00faltimas tormentas, Molina asegur\u00f3 que se est\u00e1n llevando a cabo diversas acciones, como la entrega de insumos y la asistencia t\u00e9cnica.<strong><em> <span class=\"error grammar\" title=\"En una tipograf\u00eda cuidada, use comillas tipogr\u00e1ficas.\" data-type=\"grammar\" data-suggestions=\"[{&quot;value&quot;:&quot;\u201c&quot;},{&quot;value&quot;:&quot;\u00ab&quot;}]\" data-rule=\"COMILLAS_TIPOGRAFICAS\" data-word=\"&quot;\">\u00ab<\/span>Estamos trabajando en conjunto con la provincia para brindar una respuesta r\u00e1pida y efectiva a las necesidades de los productores<span class=\"error grammar\" title=\"En una tipograf\u00eda cuidada, use comillas tipogr\u00e1ficas.\" data-type=\"grammar\" data-suggestions=\"[{&quot;value&quot;:&quot;\u201d&quot;},{&quot;value&quot;:&quot;\u00bb&quot;}]\" data-rule=\"COMILLAS_TIPOGRAFICAS\" data-word=\"&quot;\">\u00ab<\/span><\/em><\/strong>, sostuvo.<\/span><\/p>\n<p>&nbsp;<\/p>\n","protected":false},"excerpt":{"rendered":"<p>A partir del 20 de enero, los productores pueden realizar sus denuncias de manera digital, lo que permitir\u00e1 una respuesta m\u00e1s &#8230;<\/p>\n","protected":false},"author":7,"featured_media":143511,"comment_status":"open","ping_status":"open","sticky":false,"template":"","format":"standard","meta":{"footnotes":""},"categories":[14,10],"tags":[],"class_list":["post-143613","post","type-post","status-publish","format-standard","has-post-thumbnail","hentry","category-agro","category-destacadas"],"_links":{"self":[{"href":"https:\/\/vinasfm.com\/noticias\/wp-json\/wp\/v2\/posts\/143613","targetHints":{"allow":["GET"]}}],"collection":[{"href":"https:\/\/vinasfm.com\/noticias\/wp-json\/wp\/v2\/posts"}],"about":[{"href":"https:\/\/vinasfm.com\/noticias\/wp-json\/wp\/v2\/types\/post"}],"author":[{"embeddable":true,"href":"https:\/\/vinasfm.com\/noticias\/wp-json\/wp\/v2\/users\/7"}],"replies":[{"embeddable":true,"href":"https:\/\/vinasfm.com\/noticias\/wp-json\/wp\/v2\/comments?post=143613"}],"version-history":[{"count":1,"href":"https:\/\/vinasfm.com\/noticias\/wp-json\/wp\/v2\/posts\/143613\/revisions"}],"predecessor-version":[{"id":143614,"href":"https:\/\/vinasfm.com\/noticias\/wp-json\/wp\/v2\/posts\/143613\/revisions\/143614"}],"wp:featuredmedia":[{"embeddable":true,"href":"https:\/\/vinasfm.com\/noticias\/wp-json\/wp\/v2\/media\/143511"}],"wp:attachment":[{"href":"https:\/\/vinasfm.com\/noticias\/wp-json\/wp\/v2\/media?parent=143613"}],"wp:term":[{"taxonomy":"category","embeddable":true,"href":"https:\/\/vinasfm.com\/noticias\/wp-json\/wp\/v2\/categories?post=143613"},{"taxonomy":"post_tag","embeddable":true,"href":"https:\/\/vinasfm.com\/noticias\/wp-json\/wp\/v2\/tags?post=143613"}],"curies":[{"name":"wp","href":"https:\/\/api.w.org\/{rel}","templated":true}]}}