{"id":143609,"date":"2025-01-22T10:49:48","date_gmt":"2025-01-22T13:49:48","guid":{"rendered":"https:\/\/vinasfm.com\/noticias\/?p=143609"},"modified":"2025-01-25T09:21:48","modified_gmt":"2025-01-25T12:21:48","slug":"vendimia-2025-venta-de-entradas-para-el-acto-central-y-la-repeticion","status":"publish","type":"post","link":"https:\/\/vinasfm.com\/noticias\/vendimia-2025-venta-de-entradas-para-el-acto-central-y-la-repeticion\/","title":{"rendered":"VENDIMIA 2025: VENTA DE ENTRADAS PARA EL ACTO CENTRAL Y LA REPETICI\u00d3N"},"content":{"rendered":"<h4><span style=\"color: #000000;\">La Subsecretar\u00eda de Cultura -dependiente del Ministerio de Educaci\u00f3n, Cultura, Infancias y DGE- informa las fechas y metodolog\u00eda para acceder a las\u00a0entradas\u00a0para el Acto Central de la Fiesta Nacional de la\u00a0Vendimia\u00a02025. La venta ser\u00e1 exclusivamente a trav\u00e9s de la plataforma\u00a0Entrada Web y\u00a0se podr\u00e1n adquirir hasta cuatro\u00a0entradas\u00a0por persona.<\/span><\/h4>\n<p><span style=\"color: #000000;\">El <strong><em>Teatro Griego Frank Romero Day<\/em><\/strong> ser\u00e1 el escenario mayor de Mendoza con la puesta en escena de\u00a0<em><strong>Guardiana del vino eterno<\/strong>,\u00a0<\/em>bajo la direcci\u00f3n general de <span style=\"color: #003366;\"><strong>Franco Ag\u00fcer<\/strong><\/span>o. <strong>El Acto Central se desarrollar\u00e1 el s\u00e1bado 8 de marzo, noche en la que tambi\u00e9n se llevar\u00e1 a cabo la elecci\u00f3n y coronaci\u00f3n de la nueva soberana nacional.<\/strong><\/span><\/p>\n<p><span style=\"color: #000000;\">En tanto que, la segunda noche, <strong>el domingo 9 de marzo, luego del espect\u00e1culo art\u00edstico y, como es habitual, actuar\u00e1n m\u00fasicos mendocinos y artistas nacionales de gran convocatoria.<\/strong><\/span><\/p>\n<p><span style=\"color: #000000;\">La venta de entradas se realizar\u00e1 exclusivamente por la plataforma digital\u00a0<span style=\"color: #0000ff;\"><a style=\"color: #0000ff;\" href=\"http:\/\/www.entradaweb.com.ar\/\" target=\"_blank\" rel=\"noreferrer noopener\">www.entradaweb.com.ar<\/a><\/span>\u00a0y tendr\u00e1n un costo diferencial para\u00a0garantizar el acceso de los mendocinos a precios m\u00e1s accesibles.<\/span><\/p>\n<p><span style=\"color: #000000;\">Cabe aclarar que, como cada a\u00f1o,<strong> las\u00a0entradas\u00a0del sector Torront\u00e9s no se comercializan, ya que est\u00e1n reservadas a personas con discapacidad.<\/strong> En breve se anunciar\u00e1 la metodolog\u00eda para acceder a los tickets correspondientes.<\/span><\/p>\n<p><img decoding=\"async\" src=\"https:\/\/www.mendoza.gov.ar\/wp-content\/uploads\/sites\/5\/2025\/01\/Sectores-Teatro-Griego-700x990.jpg\" \/><\/p>\n<h2><span style=\"color: #000000;\"><strong>Venta para turismo nacional y extranjero<\/strong><\/span><\/h2>\n<p><span style=\"color: #000000;\">Se realizar\u00e1 desde el viernes 24 de enero al lunes 3 de febrero. El cupo depender\u00e1 de la demanda de los operadores tur\u00edsticos.<\/span><\/p>\n<p><span style=\"color: #000000;\">Los valores del Acto Central ser\u00e1n: sector <strong>Malbec, $50.000; Cabernet Sauvignon, $35.000; Chardonnay, $32.000; Tempranillo 2, 3 y 4, $45.000; Tempranillo 1 y 5, $35.000 y para el sector Bonarda $32.000.<\/strong><\/span><\/p>\n<p><span style=\"color: #000000;\">En tanto, para la Repetici\u00f3n el costo de las entradas ser\u00e1: para el sector <strong>Malbec, $40.000; Cabernet Sauvignon, $30.000; Chardonnay, $28.000; Tempranillo 2, 3 y 4, $35.000; Tempranillo 1 y 5, $30.000, y para el sector Bonarda, $28.000.<\/strong><\/span><\/p>\n<h2><span style=\"color: #000000;\"><strong>Venta de\u00a0entradas\u00a0para p\u00fablico mendocino<\/strong><\/span><\/h2>\n<p><span style=\"color: #000000;\">Los mendocinos podr\u00e1n adquirir sus tickets entre el mi\u00e9rcoles 12 de febrero y el jueves 6 de marzo. En este grupo se ubica la mayor cantidad de entradas a la venta.<\/span><\/p>\n<p><span style=\"color: #000000;\">Los valores del Acto Central ser\u00e1n: sector <strong>Malbec, $30.000; Cabernet Sauvignon, $20.000; Chardonnay $15.000; Tempranillo 2, 3 y 4, $25.000; Tempranillo 1 y 5, $20.000 y para el sector Bonarda $10.000.<\/strong><\/span><\/p>\n<p><span style=\"color: #000000;\">Los valores para la Repetici\u00f3n ser\u00e1n: para el sector <strong>Malbec, $20.000; Cabernet Sauvignon, $15.000; Chardonnay $10.000; Tempranillo 2, 3 y 4, $20.000; Tempranillo 1 y 5, $15.000, y para el sector Bonarda, $8.000.<\/strong><\/span><\/p>\n<h2><span style=\"color: #000000;\"><strong>Canje de\u00a0entradas<\/strong>\u00a0<\/span><\/h2>\n<p><span style=\"color: #000000;\">Es importante destacar que, una vez adquiridas las\u00a0entradas\u00a0a trav\u00e9s de la plataforma digital, se deber\u00e1 realizar el canje por la entrada f\u00edsica, a partir del lunes 3 al jueves 6 de marzo.<\/span><\/p>\n<h3><span style=\"color: #000000;\"><strong>Los puntos de canje<\/strong><\/span><\/h3>\n<p><span style=\"color: #000000;\">Los espacios habilitados ser\u00e1n:<\/span><\/p>\n<ul>\n<li><span style=\"color: #000000;\"><strong>Auditorio \u00c1ngel Bustelo.<\/strong> Virgen del Carmen de Cuyo 610, Ciudad de Mendoza<\/span><\/li>\n<li><span style=\"color: #000000;\"><strong>Teatro Independencia.<\/strong> Chile y Espejo, Ciudad de Mendoza.<\/span><\/li>\n<li><span style=\"color: #000000;\"><strong>Espacio Cultural Julio Le Parc.<\/strong> Mitre y Godoy Cruz, Guaymall\u00e9n.<\/span><\/li>\n<\/ul>\n<p><span style=\"color: #000000;\">Adem\u00e1s, se dispondr\u00e1n locaciones para la zona Este, Sur y Valle de Uco.<\/span><\/p>\n","protected":false},"excerpt":{"rendered":"<p>La Subsecretar\u00eda de Cultura -dependiente del Ministerio de Educaci\u00f3n, Cultura, Infancias y DGE- informa las fechas y metodolog\u00eda para acceder a &#8230;<\/p>\n","protected":false},"author":7,"featured_media":143610,"comment_status":"open","ping_status":"open","sticky":false,"template":"","format":"standard","meta":{"footnotes":""},"categories":[19,25],"tags":[],"class_list":["post-143609","post","type-post","status-publish","format-standard","has-post-thumbnail","hentry","category-cultura","category-vendimia"],"_links":{"self":[{"href":"https:\/\/vinasfm.com\/noticias\/wp-json\/wp\/v2\/posts\/143609","targetHints":{"allow":["GET"]}}],"collection":[{"href":"https:\/\/vinasfm.com\/noticias\/wp-json\/wp\/v2\/posts"}],"about":[{"href":"https:\/\/vinasfm.com\/noticias\/wp-json\/wp\/v2\/types\/post"}],"author":[{"embeddable":true,"href":"https:\/\/vinasfm.com\/noticias\/wp-json\/wp\/v2\/users\/7"}],"replies":[{"embeddable":true,"href":"https:\/\/vinasfm.com\/noticias\/wp-json\/wp\/v2\/comments?post=143609"}],"version-history":[{"count":1,"href":"https:\/\/vinasfm.com\/noticias\/wp-json\/wp\/v2\/posts\/143609\/revisions"}],"predecessor-version":[{"id":143611,"href":"https:\/\/vinasfm.com\/noticias\/wp-json\/wp\/v2\/posts\/143609\/revisions\/143611"}],"wp:featuredmedia":[{"embeddable":true,"href":"https:\/\/vinasfm.com\/noticias\/wp-json\/wp\/v2\/media\/143610"}],"wp:attachment":[{"href":"https:\/\/vinasfm.com\/noticias\/wp-json\/wp\/v2\/media?parent=143609"}],"wp:term":[{"taxonomy":"category","embeddable":true,"href":"https:\/\/vinasfm.com\/noticias\/wp-json\/wp\/v2\/categories?post=143609"},{"taxonomy":"post_tag","embeddable":true,"href":"https:\/\/vinasfm.com\/noticias\/wp-json\/wp\/v2\/tags?post=143609"}],"curies":[{"name":"wp","href":"https:\/\/api.w.org\/{rel}","templated":true}]}}