{"id":143602,"date":"2025-01-22T10:16:11","date_gmt":"2025-01-22T13:16:11","guid":{"rendered":"https:\/\/vinasfm.com\/noticias\/?p=143602"},"modified":"2025-01-24T11:40:34","modified_gmt":"2025-01-24T14:40:34","slug":"el-emetur-promociona-el-sur-provincial-y-busca-impulsar-la-temporada-turistica","status":"publish","type":"post","link":"https:\/\/vinasfm.com\/noticias\/el-emetur-promociona-el-sur-provincial-y-busca-impulsar-la-temporada-turistica\/","title":{"rendered":"EL EMETUR PROMOCIONA EL SUR PROVINCIAL Y BUSCA IMPULSAR LA TEMPORADA TURISTICA"},"content":{"rendered":"<h4><span style=\"color: #000000;\">EL EMETUR promociona a Mendoza como destino <span class=\"misspelling correction\" title=\"Se ha encontrado un posible error ortogr\u00e1fico.\" data-type=\"misspelling\" data-suggestions=\"[{&quot;value&quot;:&quot;tur\u00edstico&quot;},{&quot;value&quot;:&quot;turifico&quot;},{&quot;value&quot;:&quot;turific\u00f3&quot;}]\" data-rule=\"MORFOLOGIK_RULE_ES\" data-word=\"tur\u00edsico\">tur\u00edstico<\/span> en el Festival Jes\u00fas Mar\u00eda, invitando a descubrir los encantos provinciales.\u00a0 Adem\u00e1s, el Ente Mendoza Turismo y las autoridades locales trabajan arduamente para recuperar los destinos afectados y garantizar una temporada tur\u00edstica exitosa.<\/span><\/h4>\n<p><span style=\"color: #003366;\"><strong> Carlos Weiner<\/strong><\/span>, <span style=\"color: #000000;\"><em>Delegado por la Zona Sur del EMETUR<\/em>, expres\u00f3 su asombro ante la magnitud del evento y la c\u00e1lida recepci\u00f3n. <em><strong><span class=\"error grammar\" title=\"En una tipograf\u00eda cuidada, use comillas tipogr\u00e1ficas.\" data-type=\"grammar\" data-suggestions=\"[{&quot;value&quot;:&quot;\u201c&quot;},{&quot;value&quot;:&quot;\u00ab&quot;}]\" data-rule=\"COMILLAS_TIPOGRAFICAS\" data-word=\"&quot;\">\u00ab<\/span>Fue nuestra primera vez en el Festival Jes\u00fas Mar\u00eda, en C\u00f3rdoba, y quedamos impresionados por la energ\u00eda y el entusiasmo<span class=\"error grammar\" title=\"En una tipograf\u00eda cuidada, use comillas tipogr\u00e1ficas.\" data-type=\"grammar\" data-suggestions=\"[{&quot;value&quot;:&quot;\u201d&quot;},{&quot;value&quot;:&quot;\u00bb&quot;}]\" data-rule=\"COMILLAS_TIPOGRAFICAS\" data-word=\"&quot;\">\u00ab<\/span><\/strong><\/em>, afirm\u00f3.<strong><em> <span class=\"error grammar\" title=\"En una tipograf\u00eda cuidada, use comillas tipogr\u00e1ficas.\" data-type=\"grammar\" data-suggestions=\"[{&quot;value&quot;:&quot;\u201c&quot;},{&quot;value&quot;:&quot;\u00ab&quot;}]\" data-rule=\"COMILLAS_TIPOGRAFICAS\" data-word=\"&quot;\">\u00ab<\/span>El stand nos permiti\u00f3 destacar la belleza natural de Mendoza, sus bodegas de clase mundial y su vibrante cultura<span class=\"error grammar\" title=\"En una tipograf\u00eda cuidada, use comillas tipogr\u00e1ficas.\" data-type=\"grammar\" data-suggestions=\"[{&quot;value&quot;:&quot;\u201d&quot;},{&quot;value&quot;:&quot;\u00bb&quot;}]\" data-rule=\"COMILLAS_TIPOGRAFICAS\" data-word=\"&quot;\">\u00ab<\/span>.<\/em><\/strong><\/span><\/p>\n<p><span style=\"color: #000000;\"> Con el puesto de promoci\u00f3n <span class=\"misspelling correction\" title=\"Se ha encontrado un posible error ortogr\u00e1fico.\" data-type=\"misspelling\" data-suggestions=\"[{&quot;value&quot;:&quot;tur\u00edstica&quot;},{&quot;value&quot;:&quot;turifica&quot;},{&quot;value&quot;:&quot;turific\u00e1&quot;}]\" data-rule=\"MORFOLOGIK_RULE_ES\" data-word=\"tur\u00edsica\">tur\u00edstica<\/span> instalado en festival,<strong> se present\u00f3 informaci\u00f3n sobre actividades de verano, como senderismo, <span class=\"error misspelling\" title=\"Se ha encontrado un posible error ortogr\u00e1fico.\" data-type=\"misspelling\" data-suggestions=\"[{&quot;value&quot;:&quot;ecoturismo&quot;}]\" data-rule=\"MORFOLOGIK_RULE_ES\" data-word=\"enoturismo\">enoturismo<\/span> y deportes de aventura, as\u00ed como sobre la pr\u00f3xima Fiesta de la Vendimia.<\/strong> La combinaci\u00f3n \u00fanica de naturaleza, cultura y gastronom\u00eda de Mendoza result\u00f3 ser un gran atractivo, logrando que cordobeses<span class=\"grammar correction\" title=\"Posible error tipogr\u00e1fico: m\u00faltiples espacios en blanco\" data-type=\"grammar\" data-suggestions=\"[{&quot;value&quot;:&quot;\u00a0&quot;}]\" data-rule=\"WHITESPACE_RULE\" data-word=\"\u00a0 \">\u00a0<\/span>y muchos visitantes expresen su inter\u00e9s en planificar un viaje. <\/span><\/p>\n<p><span style=\"color: #000000;\">A pesar de los contratiempos, el sector tur\u00edstico de Mendoza muestra signos de recuperaci\u00f3n. Seg\u00fan Weiner,<strong> las reservas para la Fiesta de la Vendimia ya superan el 75%<\/strong>, lo que demuestra que los turistas siguen eligiendo Mendoza como destino. <em><strong><span class=\"error grammar\" title=\"En una tipograf\u00eda cuidada, use comillas tipogr\u00e1ficas.\" data-type=\"grammar\" data-suggestions=\"[{&quot;value&quot;:&quot;\u201c&quot;},{&quot;value&quot;:&quot;\u00ab&quot;}]\" data-rule=\"COMILLAS_TIPOGRAFICAS\" data-word=\"&quot;\">\u00ab<\/span>Estamos trabajando para que la temporada tur\u00edstica sea un \u00e9xito, a pesar de las dificultades que hemos enfrentado<span class=\"error grammar\" title=\"En una tipograf\u00eda cuidada, use comillas tipogr\u00e1ficas.\" data-type=\"grammar\" data-suggestions=\"[{&quot;value&quot;:&quot;\u201d&quot;},{&quot;value&quot;:&quot;\u00bb&quot;}]\" data-rule=\"COMILLAS_TIPOGRAFICAS\" data-word=\"&quot;\">\u00ab<\/span><\/strong><\/em>, afirm\u00f3 Weiner y agreg\u00f3 <strong><em><span class=\"error grammar\" title=\"En una tipograf\u00eda cuidada, use comillas tipogr\u00e1ficas.\" data-type=\"grammar\" data-suggestions=\"[{&quot;value&quot;:&quot;\u201c&quot;},{&quot;value&quot;:&quot;\u00ab&quot;}]\" data-rule=\"COMILLAS_TIPOGRAFICAS\" data-word=\"&quot;\">\u00ab<\/span>Mendoza tiene mucho para ofrecer y estamos seguros de que los turistas quedar\u00e1n encantados con nuestra provincia<span class=\"error grammar\" title=\"En una tipograf\u00eda cuidada, use comillas tipogr\u00e1ficas.\" data-type=\"grammar\" data-suggestions=\"[{&quot;value&quot;:&quot;\u201d&quot;},{&quot;value&quot;:&quot;\u00bb&quot;}]\" data-rule=\"COMILLAS_TIPOGRAFICAS\" data-word=\"&quot;\">\u00ab<\/span>.<\/em><\/strong><\/span><\/p>\n<p><span style=\"color: #000000;\">Adem\u00e1s, Weiner brind\u00f3 detalles sobre los da\u00f1os causados por las tormentas y las acciones que se est\u00e1n llevando a cabo para restablecer la actividad tur\u00edstica. <strong><em><span class=\"error grammar\" title=\"En una tipograf\u00eda cuidada, use comillas tipogr\u00e1ficas.\" data-type=\"grammar\" data-suggestions=\"[{&quot;value&quot;:&quot;\u201c&quot;},{&quot;value&quot;:&quot;\u00ab&quot;}]\" data-rule=\"COMILLAS_TIPOGRAFICAS\" data-word=\"&quot;\">\u00ab<\/span>El Ca\u00f1\u00f3n del Atuel ha sido uno de los m\u00e1s afectados, con aproximadamente ocho kil\u00f3metros de camino completamente destruidos<span class=\"error grammar\" title=\"En una tipograf\u00eda cuidada, use comillas tipogr\u00e1ficas.\" data-type=\"grammar\" data-suggestions=\"[{&quot;value&quot;:&quot;\u201d&quot;},{&quot;value&quot;:&quot;\u00bb&quot;}]\" data-rule=\"COMILLAS_TIPOGRAFICAS\" data-word=\"&quot;\">\u00ab<\/span><\/em><\/strong>, se\u00f1al\u00f3 Weiner. <\/span><\/p>\n<p><span style=\"color: #000000;\">A pesar de los desaf\u00edos, las autoridades han logrado habilitar una parte del recorrido del Ca\u00f1\u00f3n del Atuel para los turistas. Sin embargo,<strong> reconoci\u00f3 que la recuperaci\u00f3n completa del sector llevar\u00e1 varios meses debido a la magnitud de los da\u00f1os<\/strong>. El funcionario destac\u00f3 la importancia del trabajo en conjunto entre las distintas instituciones para enfrentar esta situaci\u00f3n. <em><strong><span class=\"error grammar\" title=\"En una tipograf\u00eda cuidada, use comillas tipogr\u00e1ficas.\" data-type=\"grammar\" data-suggestions=\"[{&quot;value&quot;:&quot;\u201c&quot;},{&quot;value&quot;:&quot;\u00ab&quot;}]\" data-rule=\"COMILLAS_TIPOGRAFICAS\" data-word=\"&quot;\">\u00ab<\/span>Hemos tenido una reuni\u00f3n de gabinete donde participaron equipos t\u00e9cnicos de vialidad, salud, turismo e infraestructura<span class=\"error grammar\" title=\"En una tipograf\u00eda cuidada, use comillas tipogr\u00e1ficas.\" data-type=\"grammar\" data-suggestions=\"[{&quot;value&quot;:&quot;\u201d&quot;},{&quot;value&quot;:&quot;\u00bb&quot;}]\" data-rule=\"COMILLAS_TIPOGRAFICAS\" data-word=\"&quot;\">\u00ab<\/span><\/strong><\/em>, explic\u00f3 Weiner.<\/span><\/p>\n<p><span style=\"color: #000000;\"><em><strong> <span class=\"error grammar\" title=\"En una tipograf\u00eda cuidada, use comillas tipogr\u00e1ficas.\" data-type=\"grammar\" data-suggestions=\"[{&quot;value&quot;:&quot;\u201c&quot;},{&quot;value&quot;:&quot;\u00ab&quot;}]\" data-rule=\"COMILLAS_TIPOGRAFICAS\" data-word=\"&quot;\">\u00ab<\/span>El objetivo es coordinar esfuerzos para restaurar los da\u00f1os y garantizar la seguridad de los turistas<span class=\"error grammar\" title=\"En una tipograf\u00eda cuidada, use comillas tipogr\u00e1ficas.\" data-type=\"grammar\" data-suggestions=\"[{&quot;value&quot;:&quot;\u201d&quot;},{&quot;value&quot;:&quot;\u00bb&quot;}]\" data-rule=\"COMILLAS_TIPOGRAFICAS\" data-word=\"&quot;\">\u00ab<\/span>.<\/strong><\/em> Adem\u00e1s de los trabajos de reparaci\u00f3n en el Ca\u00f1\u00f3n del Atuel, se est\u00e1n realizando acciones para recuperar otros destinos tur\u00edsticos afectados por las tormentas. En ese contexto, el Delegado de la Zona Sur del EMETUR, <strong>destac\u00f3 la importancia de la promoci\u00f3n tur\u00edstica para reactivar la econom\u00eda de la regi\u00f3n.<\/strong><\/span><\/p>\n","protected":false},"excerpt":{"rendered":"<p>EL EMETUR promociona a Mendoza como destino tur\u00edstico en el Festival Jes\u00fas Mar\u00eda, invitando a descubrir los encantos provinciales.\u00a0 Adem\u00e1s, el &#8230;<\/p>\n","protected":false},"author":7,"featured_media":143603,"comment_status":"open","ping_status":"open","sticky":false,"template":"","format":"standard","meta":{"footnotes":""},"categories":[1],"tags":[],"class_list":["post-143602","post","type-post","status-publish","format-standard","has-post-thumbnail","hentry","category-fmvinas"],"_links":{"self":[{"href":"https:\/\/vinasfm.com\/noticias\/wp-json\/wp\/v2\/posts\/143602","targetHints":{"allow":["GET"]}}],"collection":[{"href":"https:\/\/vinasfm.com\/noticias\/wp-json\/wp\/v2\/posts"}],"about":[{"href":"https:\/\/vinasfm.com\/noticias\/wp-json\/wp\/v2\/types\/post"}],"author":[{"embeddable":true,"href":"https:\/\/vinasfm.com\/noticias\/wp-json\/wp\/v2\/users\/7"}],"replies":[{"embeddable":true,"href":"https:\/\/vinasfm.com\/noticias\/wp-json\/wp\/v2\/comments?post=143602"}],"version-history":[{"count":5,"href":"https:\/\/vinasfm.com\/noticias\/wp-json\/wp\/v2\/posts\/143602\/revisions"}],"predecessor-version":[{"id":143659,"href":"https:\/\/vinasfm.com\/noticias\/wp-json\/wp\/v2\/posts\/143602\/revisions\/143659"}],"wp:featuredmedia":[{"embeddable":true,"href":"https:\/\/vinasfm.com\/noticias\/wp-json\/wp\/v2\/media\/143603"}],"wp:attachment":[{"href":"https:\/\/vinasfm.com\/noticias\/wp-json\/wp\/v2\/media?parent=143602"}],"wp:term":[{"taxonomy":"category","embeddable":true,"href":"https:\/\/vinasfm.com\/noticias\/wp-json\/wp\/v2\/categories?post=143602"},{"taxonomy":"post_tag","embeddable":true,"href":"https:\/\/vinasfm.com\/noticias\/wp-json\/wp\/v2\/tags?post=143602"}],"curies":[{"name":"wp","href":"https:\/\/api.w.org\/{rel}","templated":true}]}}