{"id":143599,"date":"2025-01-22T10:04:44","date_gmt":"2025-01-22T13:04:44","guid":{"rendered":"https:\/\/vinasfm.com\/noticias\/?p=143599"},"modified":"2025-01-22T10:04:44","modified_gmt":"2025-01-22T13:04:44","slug":"cornejo-queremos-ir-trabajando-con-los-municipios-en-todos-los-lugares-donde-se-esta-urbanizando","status":"publish","type":"post","link":"https:\/\/vinasfm.com\/noticias\/cornejo-queremos-ir-trabajando-con-los-municipios-en-todos-los-lugares-donde-se-esta-urbanizando\/","title":{"rendered":"CORNEJO: \u201cQUEREMOS IR TRABAJANDO CON LOS MUNICIPIOS EN TODOS LOS LUGARES DONDE SE EST\u00c1 URBANIZANDO\u201d"},"content":{"rendered":"<h4><span style=\"color: #000000;\">El Gobernador recorri\u00f3 parte de la reconstrucci\u00f3n de la Ruta Provincial 99, que dej\u00f3 de financiar el Gobierno nacional y que hoy se realiza con fondos provinciales. El a\u00f1o pasado se concluy\u00f3 el tramo de Papagayos, en Ciudad, y en noviembre comenz\u00f3 el tramo del lado de Las Heras.<\/span><\/h4>\n<p><span style=\"color: #000000;\">El <span style=\"color: #003366;\"><strong>Gobernador Alfredo Cornejo<\/strong> <\/span>visit\u00f3 las obras de renovaci\u00f3n del circuito de El Challao, en Las Heras. <strong>Se trata de la Ruta Provincial 99, cuya reconstrucci\u00f3n de este tramo se inici\u00f3 en noviembre y abarca desde el Santuario de la Virgen de Lourdes hasta la rotonda de San Isidro.<\/strong><\/span><\/p>\n<p><span style=\"color: #000000;\">Participaron en la recorrida el i<em>ntendente de Ciudad<\/em>, <strong><span style=\"color: #003366;\">Ulpiano Suarez<\/span><\/strong>; <em>el de Las Heras<\/em>, <strong><span style=\"color: #003366;\">Francisco Loprest<\/span><span style=\"color: #003366;\">i<\/span><\/strong>; la <em>subsecretaria de Infraestructura y Desarrollo Territorial<\/em>, <span style=\"color: #003366;\"><strong>Marit\u00e9 Badui<\/strong><\/span>, y <em>el administrador general de Vialidad Mendoza<\/em>, <span style=\"color: #003366;\"><strong>Osvaldo Romagnoli<\/strong><\/span>.<\/span><\/p>\n<p><span style=\"color: #000000;\">Cabe recordar que esta ruta dej\u00f3 de ser financiada por el Gobierno nacional anterior y la Provincia se hizo cargo.<strong><em> \u201cLa Ruta 99 es una obra que encara Vialidad Provincial, es una de las tantas rutas que tenemos como jurisdicci\u00f3n. Queremos ir trabajando con los municipios en todos los lugares donde se est\u00e1n urbanizando que pasen a los municipios, pero no queremos abandonar nuestra inversi\u00f3n en esa jurisdicci\u00f3n que es propia. Capital y Las Heras est\u00e1n poniendo recursos en esta ruta que viene a completar todo un circuito. Esta era una de las rutas que estaba financiando la Naci\u00f3n en el gobierno pasado y que ha dejado de financiarla, as\u00ed que se est\u00e1 realizando completamente con financiaci\u00f3n provincial<\/em><\/strong>\u201d, sostuvo el Gobernador.<\/span><\/p>\n<p><span style=\"color: #000000;\">Cornejo tambi\u00e9n destac\u00f3 el crecimiento de la zona y de las obras que se est\u00e1n haciendo gracias al Plan de Ordenamiento Territorial. <em><strong>\u201cEstamos tratando de que se ordene el crecimiento de muchos lugares de la provincia y uno es esta zona. Por eso tambi\u00e9n estamos con una gran obra de agua, un acueducto que hemos arrancado hace poco desde la planta potabilizadora en el Parque San Mart\u00edn, que pasa por la Universidad Nacional de Cuyo y que llega a esta zona. En los \u00faltimos tiempos esta zona ha tenido uno de los crecimientos m\u00e1s acelerados. Antes del Plan de Ordenamiento Territorial, ese crecimiento se dio de forma desordenada. Estamos ordenando muchos temas que est\u00e1n desordenados, pero que requieren infraestructura, como el agua, el acueducto que nombr\u00e9 y una ruta con mayor seguridad, entre otros\u201d.<\/strong><\/em><\/span><\/p>\n<p><span style=\"color: #000000;\">Por su parte, la subsecretaria de Infraestructura y Desarrollo Territorial destac\u00f3 que esta obra traer\u00e1 beneficios tanto para Ciudad como para Las Heras. <em><strong>\u201cSe trata de una ruta que sirve de ordenador urbano y que es muy importante para toda esta zona de El Challao, fundamentalmente. Beneficia a los departamentos de Las Heras y de Capital y termina todo un circuito muy urbano y de mucha afluencia de turismo. Adem\u00e1s, la obra permitir\u00e1 aumentar la seguridad vial. Es muy importante para una zona que ha ido cada vez m\u00e1s en crecimiento. Cuenta con una inversi\u00f3n de casi 10.000 millones de pesos que afronta \u00edntegramente el Gobierno de la Provincia y que esperamos terminar sobre agosto de 2025\u201d.<\/strong><\/em><\/span><\/p>\n<h2><span style=\"color: #000000;\"><strong>El objetivo de la obra<\/strong><\/span><\/h2>\n<p><span style=\"color: #000000;\">El administrador general de Vialidad Mendoza, <span style=\"color: #003366;\"><strong>Osvaldo Romagnoli<\/strong><\/span>, explic\u00f3 que<em><strong> \u201cel plan de obras tiene previsto construir una doble calzada con un cantero central donde se instalar\u00e1 iluminaci\u00f3n LED y se realizar\u00e1n cinco rotondas que funcionar\u00e1n como retornos y reductores de velocidad a la vez, ya que los vecinos de la zona no podr\u00e1n girar a la izquierda para ingresar a sus barrios, como lo hacen ahora, y quienes circulen por la ruta no podr\u00e1n desarrollar altas velocidades por tramos largos\u201d.\u00a0<\/strong><\/em><\/span><\/p>\n<p><span style=\"color: #000000;\">El objetivo de la obra es jerarquizar y ordenar un camino, que tiene cuatro componentes fundamentales:\u00a0<\/span><\/p>\n<ul>\n<li><span style=\"color: #000000;\">El tur\u00edstico, por ser un paseo tradicional para los mendocinos y los que vienen de fuera de la provincia, que cuenta con complejos de caba\u00f1as para disfrutar de unos d\u00edas en esta zona del piedemonte, oferta gastron\u00f3mica y m\u00faltiples actividades.<\/span><\/li>\n<\/ul>\n<ul>\n<li><span style=\"color: #000000;\">El log\u00edstico, por la cantidad de gente que reside y circula por la zona producto del gran crecimiento inmobiliario, que a\u00fan contin\u00faa con el desarrollo de barrios privados y emprendimientos comerciales.\u00a0<\/span><\/li>\n<\/ul>\n<ul>\n<li><span style=\"color: #000000;\">El deportivo, por tratarse del camino por el que se llega al ingreso del cerro Arco, donde miles de personas asisten todos los fines de semana a realizar\u00a0<em>trekking<\/em>, monta\u00f1ismo y parapente.\u00a0<\/span><\/li>\n<\/ul>\n<ul>\n<li><span style=\"color: #000000;\">Y\u00a0 el componente religioso, por la presencia del santuario de la Virgen de Lourdes, que es uno de los principales centros de devoci\u00f3n de los cat\u00f3licos mendocinos y tambi\u00e9n de los turistas que visitan Mendoza.<\/span><\/li>\n<\/ul>\n<p><span style=\"color: #000000;\">Adem\u00e1s, el concepto de la renovaci\u00f3n de la Ruta Provincial 99 es integral. Por eso, Vialidad Mendoza ya concluy\u00f3 e inaugur\u00f3 el a\u00f1o pasado el tramo de esta ruta ubicado del lado de Ciudad y que es conocido popularmente como el<em><strong> \u201ccircuito de Papagayos\u201d.<\/strong><\/em><\/span><\/p>\n<p><span style=\"color: #000000;\">Este tramo qued\u00f3 totalmente renovado, desde San Isidro hasta el dique seco, con la diferencia de que, como tiene menor caudal de tr\u00e1nsito, no se hizo doble calzada sino que se construy\u00f3 una sola calzada ensanchada con doble sentido de circulaci\u00f3n.\u00a0<\/span><\/p>\n<p><span style=\"color: #000000;\">Adem\u00e1s, se construyeron dos rotondas de hormig\u00f3n, se mejor\u00f3 la zona de curvas y se sum\u00f3 la demarcaci\u00f3n y se\u00f1al\u00e9tica vial para garantizar la seguridad vehicular.<\/span><\/p>\n","protected":false},"excerpt":{"rendered":"<p>El Gobernador recorri\u00f3 parte de la reconstrucci\u00f3n de la Ruta Provincial 99, que dej\u00f3 de financiar el Gobierno nacional y que &#8230;<\/p>\n","protected":false},"author":7,"featured_media":143600,"comment_status":"open","ping_status":"open","sticky":false,"template":"","format":"standard","meta":{"footnotes":""},"categories":[1],"tags":[],"class_list":["post-143599","post","type-post","status-publish","format-standard","has-post-thumbnail","hentry","category-fmvinas"],"_links":{"self":[{"href":"https:\/\/vinasfm.com\/noticias\/wp-json\/wp\/v2\/posts\/143599","targetHints":{"allow":["GET"]}}],"collection":[{"href":"https:\/\/vinasfm.com\/noticias\/wp-json\/wp\/v2\/posts"}],"about":[{"href":"https:\/\/vinasfm.com\/noticias\/wp-json\/wp\/v2\/types\/post"}],"author":[{"embeddable":true,"href":"https:\/\/vinasfm.com\/noticias\/wp-json\/wp\/v2\/users\/7"}],"replies":[{"embeddable":true,"href":"https:\/\/vinasfm.com\/noticias\/wp-json\/wp\/v2\/comments?post=143599"}],"version-history":[{"count":1,"href":"https:\/\/vinasfm.com\/noticias\/wp-json\/wp\/v2\/posts\/143599\/revisions"}],"predecessor-version":[{"id":143601,"href":"https:\/\/vinasfm.com\/noticias\/wp-json\/wp\/v2\/posts\/143599\/revisions\/143601"}],"wp:featuredmedia":[{"embeddable":true,"href":"https:\/\/vinasfm.com\/noticias\/wp-json\/wp\/v2\/media\/143600"}],"wp:attachment":[{"href":"https:\/\/vinasfm.com\/noticias\/wp-json\/wp\/v2\/media?parent=143599"}],"wp:term":[{"taxonomy":"category","embeddable":true,"href":"https:\/\/vinasfm.com\/noticias\/wp-json\/wp\/v2\/categories?post=143599"},{"taxonomy":"post_tag","embeddable":true,"href":"https:\/\/vinasfm.com\/noticias\/wp-json\/wp\/v2\/tags?post=143599"}],"curies":[{"name":"wp","href":"https:\/\/api.w.org\/{rel}","templated":true}]}}