{"id":143596,"date":"2025-01-22T08:47:56","date_gmt":"2025-01-22T11:47:56","guid":{"rendered":"https:\/\/vinasfm.com\/noticias\/?p=143596"},"modified":"2025-01-22T08:47:56","modified_gmt":"2025-01-22T11:47:56","slug":"general-alvear-fortalece-su-oferta-educativa","status":"publish","type":"post","link":"https:\/\/vinasfm.com\/noticias\/general-alvear-fortalece-su-oferta-educativa\/","title":{"rendered":"GENERAL ALVEAR FORTALECE SU OFERTA EDUCATIVA"},"content":{"rendered":"<h4><span style=\"color: #000000;\">General Alvear se posiciona en el \u00e1mbito educativo en la provincia de Mendoza. <\/span><\/h4>\n<p><span style=\"color: #000000;\">As\u00ed lo destac\u00f3 el<em> Director de Educaci\u00f3n<\/em>, <span style=\"color: #003366;\"><strong>Jos\u00e9 Mor\u00e1<\/strong><\/span>n, quien brind\u00f3 detalles sobre las carreras que actualmente se ofrecen a trav\u00e9s del aula virtual de la Direcci\u00f3n de Educaci\u00f3n, resultado de convenios con siete prestigiosas universidades nacionales.<\/span><\/p>\n<p><span style=\"color: #000000;\"><em><strong>\u201cHace algunos a\u00f1os solo ten\u00edamos una carrera disponible; hoy contamos con 11. Esto es un gran logro para General Alvear, que ampl\u00eda su abanico educativo para j\u00f3venes y adultos que buscan estudiar y formarse sin salir del departamento\u201d<\/strong><\/em>, afirm\u00f3 Mor\u00e1n.<\/span><\/p>\n<p><span style=\"color: #000000;\">De las 11 carreras disponibles, cinco son licenciaturas. Entre ellas, <strong>se destaca la Licenciatura en Enfermer\u00eda, en convenio con la Universidad Nacional de Tres de Febrero<\/strong>, que tuvo una gran repercusi\u00f3n tras su apertura en agosto del a\u00f1o pasado.<\/span><\/p>\n<p><span style=\"color: #000000;\">Por otro lado, la <strong>Universidad Nacional de Luj\u00e1n ofrece otras cuatro licenciaturas: Geograf\u00eda, Historia, Matem\u00e1tica y Nivel Inicial.<\/strong> Esta \u00faltima, en modalidad gratuita y a distancia, ha atra\u00eddo a estudiantes de diferentes departamentos de la provincia, debido a su accesibilidad. Adem\u00e1s, <strong>se ofrecen cinco tecnicaturas gracias a acuerdos con la Universidad Nacional de La Pampa, la Universidad Nacional de Entre R\u00edos y la Universidad Nacional de Mar del Plata.<\/strong><\/span><\/p>\n<p><span style=\"color: #000000;\">A partir de febrero, General <strong>Alvear ser\u00e1 sede del Profesorado de Educaci\u00f3n F\u00edsica, gestionado en convenio con la Universidad del Aconcagua, incluyendo t\u00edtulo intermedio de T\u00e9cnico Deportivo a los dos a\u00f1os y la posibilidad de completar la Licenciatura en Educaci\u00f3n F\u00edsica en cuatro a\u00f1os.<\/strong> Con una modalidad combinada, virtual y presencial, y un costo significativamente menor al de otras universidades, representando solo entre el 25% y el 30% del gasto habitual. Adem\u00e1s, al dictarse en el departamento, los estudiantes ahorran en traslados y otros gastos.<\/span><\/p>\n<p><span style=\"color: #000000;\">La oferta educativa no se limita a carreras universitarias, en respuesta a las necesidades locales, se han implementado capacitaciones en oficios, como el curso de refrigeraci\u00f3n, que incluye reparaci\u00f3n de aires acondicionados y heladeras. Este curso, en colaboraci\u00f3n con la Direcci\u00f3n T\u00e9cnica de Trabajo de Mendoza, tuvo muy buena repercusi\u00f3n, al respecto el Director explic\u00f3: <em><strong>\u201cLas inscripciones duraron solamente dos horas, se inscribieron 60 personas, 40 que son titulares y 20 suplentes, tuvo una muy buena aceptaci\u00f3n.\u201d<\/strong><\/em><\/span><\/p>\n<p><span style=\"color: #000000;\">Mor\u00e1n subray\u00f3 que estas iniciativas son <strong>el resultado del trabajo conjunto entre el equipo de la Direcci\u00f3n de Educaci\u00f3n y el Intendente Alejandro Molero<\/strong>, quien impulsa firmemente el desarrollo educativo del departamento. Adem\u00e1s, adelant\u00f3 que continuar\u00e1n las reuniones con institutos terciarios para ampliar a\u00fan m\u00e1s la oferta educativa local.<\/span><\/p>\n<p><span style=\"color: #000000;\">Los interesados en conocer m\u00e1s sobre las carreras y capacitaciones pueden acercarse a la Direcci\u00f3n de Educaci\u00f3n, ubicada en Chapeaurouge 15 de 7 a 13 horas en enero, y de 7 a 20 horas a partir de febrero.<\/span><\/p>\n<p><span style=\"color: #000000;\">La apuesta de General Alvear por la educaci\u00f3n es clara y contin\u00faa creciendo, ofreciendo tanto a j\u00f3venes como a adultos mejorar su futuro sin necesidad de trasladarse a otras ciudades.<\/span><\/p>\n","protected":false},"excerpt":{"rendered":"<p>General Alvear se posiciona en el \u00e1mbito educativo en la provincia de Mendoza. As\u00ed lo destac\u00f3 el Director de Educaci\u00f3n, Jos\u00e9 &#8230;<\/p>\n","protected":false},"author":7,"featured_media":143597,"comment_status":"open","ping_status":"open","sticky":false,"template":"","format":"standard","meta":{"footnotes":""},"categories":[1],"tags":[],"class_list":["post-143596","post","type-post","status-publish","format-standard","has-post-thumbnail","hentry","category-fmvinas"],"_links":{"self":[{"href":"https:\/\/vinasfm.com\/noticias\/wp-json\/wp\/v2\/posts\/143596","targetHints":{"allow":["GET"]}}],"collection":[{"href":"https:\/\/vinasfm.com\/noticias\/wp-json\/wp\/v2\/posts"}],"about":[{"href":"https:\/\/vinasfm.com\/noticias\/wp-json\/wp\/v2\/types\/post"}],"author":[{"embeddable":true,"href":"https:\/\/vinasfm.com\/noticias\/wp-json\/wp\/v2\/users\/7"}],"replies":[{"embeddable":true,"href":"https:\/\/vinasfm.com\/noticias\/wp-json\/wp\/v2\/comments?post=143596"}],"version-history":[{"count":1,"href":"https:\/\/vinasfm.com\/noticias\/wp-json\/wp\/v2\/posts\/143596\/revisions"}],"predecessor-version":[{"id":143598,"href":"https:\/\/vinasfm.com\/noticias\/wp-json\/wp\/v2\/posts\/143596\/revisions\/143598"}],"wp:featuredmedia":[{"embeddable":true,"href":"https:\/\/vinasfm.com\/noticias\/wp-json\/wp\/v2\/media\/143597"}],"wp:attachment":[{"href":"https:\/\/vinasfm.com\/noticias\/wp-json\/wp\/v2\/media?parent=143596"}],"wp:term":[{"taxonomy":"category","embeddable":true,"href":"https:\/\/vinasfm.com\/noticias\/wp-json\/wp\/v2\/categories?post=143596"},{"taxonomy":"post_tag","embeddable":true,"href":"https:\/\/vinasfm.com\/noticias\/wp-json\/wp\/v2\/tags?post=143596"}],"curies":[{"name":"wp","href":"https:\/\/api.w.org\/{rel}","templated":true}]}}