{"id":143576,"date":"2025-01-21T09:36:25","date_gmt":"2025-01-21T12:36:25","guid":{"rendered":"https:\/\/vinasfm.com\/noticias\/?p=143576"},"modified":"2025-01-21T09:36:25","modified_gmt":"2025-01-21T12:36:25","slug":"vacunan-a-embarazadas-para-evitar-la-bronquiolitis-en-bebes","status":"publish","type":"post","link":"https:\/\/vinasfm.com\/noticias\/vacunan-a-embarazadas-para-evitar-la-bronquiolitis-en-bebes\/","title":{"rendered":"VACUNAN A EMBARAZADAS PARA EVITAR LA BRONQUIOLITIS EN BEB\u00c9S"},"content":{"rendered":"<h4><span style=\"color: #000000;\"><strong>El objetivo es prevenir el virus sincicial respiratorio, principal causante de esta enfermedad respiratoria. La vacuna es gratuita y est\u00e1 destinada a mujeres con gestaciones de entre 32 y 36 semanas.<\/strong><\/span><\/h4>\n<p><span style=\"color: #000000;\">El <strong>Ministerio de Salud y Deportes<\/strong>, a trav\u00e9s del <strong>Departamento de Inmunizaciones, comenz\u00f3 el 2 de enero la vacunaci\u00f3n contra el virus sincicial respiratorio.<\/strong> La vacuna, que <strong>es gratuita y no requiere indicaci\u00f3n m\u00e9dica, se aplica a mujeres embarazadas de entre 32 y 36 semanas de gestaci\u00f3n<\/strong>, con el fin de que el beb\u00e9 reciba anticuerpos protectores a trav\u00e9s de la placenta.<\/span><\/p>\n<p><span style=\"color: #000000;\">Este virus es la principal causa de infecci\u00f3n respiratoria grave durante los primeros seis meses de vida: <em>la bronquiolitis<\/em>. Por ello, se espera que al administrar la vacuna en la etapa final del embarazo, el reci\u00e9n nacido nazca protegido ante el VSR.<\/span><\/p>\n<p><span style=\"color: #000000;\">Para acceder a la dosis, las mujeres que cumplan con las semanas de gestaci\u00f3n requeridas deben acercarse a los centros de salud y vacunatorios m\u00e1s cercanos. <strong><em>\u201cEsta vacuna no requiere pedido del m\u00e9dico y est\u00e1 disponible de manera gratuita para las embarazadas que transiten entre las 32 y 36 semanas de gestaci\u00f3n\u201d<\/em><\/strong>, se inform\u00f3 desde la cartera sanitaria.<\/span><\/p>\n<p><span style=\"color: #003366;\"><strong>Iris Aguilar<\/strong><\/span>,<span style=\"color: #000000;\"><em> jefa de Inmunizaciones de la provincia<\/em>, se\u00f1al\u00f3 que la vacuna tiene una aplicaci\u00f3n determinada por la circulaci\u00f3n del virus. <em><strong>\u201cSi bien el a\u00f1o pasado comenzamos a vacunar en marzo, este a\u00f1o empezamos el 2 de enero debido al adelanto en la circulaci\u00f3n. Luego, la vigilancia epidemiol\u00f3gica determinar\u00e1, a partir de los estudios que realice, hasta cu\u00e1ndo seguir\u00e1 presente el virus. Seguramente se extender\u00e1 hasta junio o julio, por lo que continuaremos vacunando hasta entonces\u201d<\/strong><\/em>, puntualiz\u00f3 Aguilar.<\/span><\/p>\n<p><span style=\"color: #000000;\">Asimismo, la funcionaria recomend\u00f3 aprovechar esta oportunidad para actualizar el carnet de vacunaci\u00f3n a fin de prevenir otras infecciones respiratorias habituales de la temporada invernal.<\/span><\/p>\n","protected":false},"excerpt":{"rendered":"<p>El objetivo es prevenir el virus sincicial respiratorio, principal causante de esta enfermedad respiratoria. La vacuna es gratuita y est\u00e1 destinada &#8230;<\/p>\n","protected":false},"author":7,"featured_media":143577,"comment_status":"open","ping_status":"open","sticky":false,"template":"","format":"standard","meta":{"footnotes":""},"categories":[1],"tags":[],"class_list":["post-143576","post","type-post","status-publish","format-standard","has-post-thumbnail","hentry","category-fmvinas"],"_links":{"self":[{"href":"https:\/\/vinasfm.com\/noticias\/wp-json\/wp\/v2\/posts\/143576","targetHints":{"allow":["GET"]}}],"collection":[{"href":"https:\/\/vinasfm.com\/noticias\/wp-json\/wp\/v2\/posts"}],"about":[{"href":"https:\/\/vinasfm.com\/noticias\/wp-json\/wp\/v2\/types\/post"}],"author":[{"embeddable":true,"href":"https:\/\/vinasfm.com\/noticias\/wp-json\/wp\/v2\/users\/7"}],"replies":[{"embeddable":true,"href":"https:\/\/vinasfm.com\/noticias\/wp-json\/wp\/v2\/comments?post=143576"}],"version-history":[{"count":1,"href":"https:\/\/vinasfm.com\/noticias\/wp-json\/wp\/v2\/posts\/143576\/revisions"}],"predecessor-version":[{"id":143578,"href":"https:\/\/vinasfm.com\/noticias\/wp-json\/wp\/v2\/posts\/143576\/revisions\/143578"}],"wp:featuredmedia":[{"embeddable":true,"href":"https:\/\/vinasfm.com\/noticias\/wp-json\/wp\/v2\/media\/143577"}],"wp:attachment":[{"href":"https:\/\/vinasfm.com\/noticias\/wp-json\/wp\/v2\/media?parent=143576"}],"wp:term":[{"taxonomy":"category","embeddable":true,"href":"https:\/\/vinasfm.com\/noticias\/wp-json\/wp\/v2\/categories?post=143576"},{"taxonomy":"post_tag","embeddable":true,"href":"https:\/\/vinasfm.com\/noticias\/wp-json\/wp\/v2\/tags?post=143576"}],"curies":[{"name":"wp","href":"https:\/\/api.w.org\/{rel}","templated":true}]}}