{"id":143556,"date":"2025-01-22T11:24:22","date_gmt":"2025-01-22T14:24:22","guid":{"rendered":"https:\/\/vinasfm.com\/noticias\/?p=143556"},"modified":"2025-01-25T09:21:07","modified_gmt":"2025-01-25T12:21:07","slug":"de-la-ganaderia-a-la-vendimia-sofia-perfumo-afirma-su-compromiso-con-general-alvear-y-sus-productores","status":"publish","type":"post","link":"https:\/\/vinasfm.com\/noticias\/de-la-ganaderia-a-la-vendimia-sofia-perfumo-afirma-su-compromiso-con-general-alvear-y-sus-productores\/","title":{"rendered":"DE LA GANADER\u00cdA A LA VENDIMIA: SOF\u00cdA PERFUMO, AFIRMA SU COMPROMISO CON GENERAL ALVEAR Y SUS PRODUCTORES"},"content":{"rendered":"<h4 data-sourcepos=\"3:1-3:428\"><span style=\"color: #000000;\">General Alvear se prepara para vivir una nueva edici\u00f3n de la Fiesta Departamental de la Vendimia y, en este contexto, las representantes distritales se encuentran en plena preparaci\u00f3n.<\/span><\/h4>\n<p data-sourcepos=\"3:1-3:428\"><span style=\"color: #000000;\"><span style=\"color: #003366;\"><strong> Sof\u00eda Perfumo<\/strong><\/span>, una joven alvearense de 23 a\u00f1os, estudiante de la Lic. en Administraci\u00f3n, apasionada por las danzas folkl\u00f3ricas y <strong>ex Embajadora Nacional de la Ganader\u00eda<\/strong>, representa al populoso <strong>Barrio San Carlos<\/strong>. Su presentaci\u00f3n, junto a la representante de El Desv\u00edo, tuvo lugar en el Cineteatro Antonio Lafalla.<\/span><\/p>\n<p data-sourcepos=\"5:1-5:745\"><span style=\"color: #000000;\">En di\u00e1logo con <strong><span style=\"color: #800080;\">FM VI\u00d1AS<\/span><\/strong>, Sof\u00eda destac\u00f3 el compa\u00f1erismo que existe entre las candidatas:<em><strong> \u00abCada una acompa\u00f1\u00f3 al resto de representantes en sus presentaciones y creo que de eso se trata, somos compa\u00f1eras, todas estamos en el mismo lugar para disfrutar, para pasarla bien y, sobre todo, para crecer\u00bb.<\/strong><\/em> Siguiendo ese mensaje, la joven enfatiz\u00f3 la importancia de dejar de lado la competencia negativa entre mujeres y darle otra cara a la Vendimia. <em><strong>\u00abSiempre digo y recalco que no somos solo personas que llevamos atributos, no somos una foto, una corona o una banda. Somos personas que quieren trabajar por su distrito, barrio o paraje; que tenemos un mont\u00f3n de proyectos para presentar durante el a\u00f1o, para trabajar, para darle visibilidad a nuestro departamento, a nuestra cultura, a nuestra tradici\u00f3n\u00bb<\/strong><\/em>, afirm\u00f3.<\/span><\/p>\n<p data-sourcepos=\"5:1-5:745\"><img decoding=\"async\" src=\"https:\/\/scontent.fmdz4-1.fna.fbcdn.net\/v\/t39.30808-6\/474586943_1154757236654499_4860229296523403287_n.jpg?_nc_cat=105&amp;ccb=1-7&amp;_nc_sid=127cfc&amp;_nc_eui2=AeGkZl7tZyZl_PzqvhvP0O-_xnqp8PEa983Geqnw8Rr3zUiICnM8I9EFXQO4tyWf0Zm5P2KKBiAQakI0Dfk3BB46&amp;_nc_ohc=yNF9etym4MgQ7kNvgELQtZf&amp;_nc_oc=AdhM6GV7SNwiRMkbuV8jmEwOd6L_ag4QaWZr93Z0w6LiLg8BKExPOO2VwQizvoY7SWU&amp;_nc_zt=23&amp;_nc_ht=scontent.fmdz4-1.fna&amp;_nc_gid=A5f_oGV8GZ5bPWLs63KQZZM&amp;oh=00_AYCyaH3jeiQODzSiphd_F-_3lZV9tknYXvdF794LvznyUQ&amp;oe=67982748\" alt=\"Puede ser una imagen de 1 persona y texto\" \/><\/p>\n<p data-sourcepos=\"7:1-7:476\"><span style=\"color: #000000;\">Sof\u00eda tambi\u00e9n resalt\u00f3 el rol de las candidatas vendimiales como hacedoras de cultura, representando al vecino, al amigo, a la familia y al productor. Mencion\u00f3 las capacitaciones que est\u00e1n recibiendo en historia, protocolo y otros temas relevantes para su rol, <strong><em>\u00absomos hacedoras y embajadoras de nuestro departamento, entonces es importante que sepamos lo que estamos representando\u00bb<\/em><\/strong>, explic\u00f3.<\/span><\/p>\n<p data-sourcepos=\"9:1-9:315\"><span style=\"color: #000000;\">Su experiencia como Embajadora Nacional de la Ganader\u00eda le ha servido para formarse en car\u00e1cter y mejorar su comunicaci\u00f3n. <em><strong>\u00abMe form\u00f3 mucho en car\u00e1cter, me form\u00f3 mucho a la hora de poder comunicarme, de hablar con la gente, es un espacio donde ten\u00e9s que dejar de lado la verg\u00fcenza y eso me ayud\u00f3 un mont\u00f3n\u00bb<\/strong><\/em>, coment\u00f3.<\/span><\/p>\n<p data-sourcepos=\"11:1-11:409\"><span style=\"color: #000000;\">Sobre el <strong>B\u00b0 San Carlos<\/strong>, lugar que orgullosamente representa, Sof\u00eda lo describi\u00f3 como <em><strong>\u00abel barrio m\u00e1s grande de Alvear\u00bb<\/strong> <\/em>y destac\u00f3 el esp\u00edritu de su gente: <strong><em>\u00abHay mucha gente que apuesta por la familia, por el trabajo, por la educaci\u00f3n, un barrio pujante que apuesta por el crecimiento en General de Alvear\u00bb<\/em><\/strong>. Tambi\u00e9n resalt\u00f3 el trabajo realizado en el embellecimiento del barrio y la importancia de que los ni\u00f1os sigan disfrutando de su infancia.<\/span><\/p>\n<p data-sourcepos=\"11:1-11:409\"><img decoding=\"async\" src=\"https:\/\/scontent.fmdz5-1.fna.fbcdn.net\/v\/t39.30808-6\/474241654_1147607007364850_6906200989189562443_n.jpg?stp=dst-jpg_p526x296_tt6&amp;_nc_cat=101&amp;ccb=1-7&amp;_nc_sid=833d8c&amp;_nc_eui2=AeEYDDHDcv8l0rjFg8ee7HmOMhNPIOfmXcoyE08g5-Zdykk6PVWFmp_MoH_BXH7n8HqFs3FCw8B1sKjo9ZwtjSYZ&amp;_nc_ohc=fc86huL-yIwQ7kNvgF5crqo&amp;_nc_oc=AdhmHf19BlugMfv8fbw7Bmr1GsVx_5QNDMLhKbPTJh782vnf0N61CMvT94Lw0ojcvlQ&amp;_nc_zt=23&amp;_nc_ht=scontent.fmdz5-1.fna&amp;_nc_gid=A_fhdMR7lXnvSmGBPplNWHc&amp;oh=00_AYBAa_G8szZoaVatkHQN3iCf13tbWqa1Tq6lICoU1M1vKA&amp;oe=679821DB\" alt=\"Puede ser una imagen de 1 persona y texto\" \/><\/p>\n<p data-sourcepos=\"13:1-13:285\"><span style=\"color: #000000;\">Finalmente, Sof\u00eda invit\u00f3 a la comunidad a acompa\u00f1arla a ella y a todas las candidatas en la<strong> V\u00eda Blanca de las Reinas en la Av. Alvear Oeste. (30 de enero) y en la fiesta central \u00abVendimia del Infinito\u00bb (31 de enero),<\/strong> para disfrutar de la tradici\u00f3n, la cultura y la historia que representa la Vendimia, catalogada como la mejor fiesta de Argentina.<\/span><\/p>\n","protected":false},"excerpt":{"rendered":"<p>General Alvear se prepara para vivir una nueva edici\u00f3n de la Fiesta Departamental de la Vendimia y, en este contexto, las &#8230;<\/p>\n","protected":false},"author":7,"featured_media":143612,"comment_status":"open","ping_status":"open","sticky":false,"template":"","format":"standard","meta":{"footnotes":""},"categories":[11,25],"tags":[],"class_list":["post-143556","post","type-post","status-publish","format-standard","has-post-thumbnail","hentry","category-sociales","category-vendimia"],"_links":{"self":[{"href":"https:\/\/vinasfm.com\/noticias\/wp-json\/wp\/v2\/posts\/143556","targetHints":{"allow":["GET"]}}],"collection":[{"href":"https:\/\/vinasfm.com\/noticias\/wp-json\/wp\/v2\/posts"}],"about":[{"href":"https:\/\/vinasfm.com\/noticias\/wp-json\/wp\/v2\/types\/post"}],"author":[{"embeddable":true,"href":"https:\/\/vinasfm.com\/noticias\/wp-json\/wp\/v2\/users\/7"}],"replies":[{"embeddable":true,"href":"https:\/\/vinasfm.com\/noticias\/wp-json\/wp\/v2\/comments?post=143556"}],"version-history":[{"count":2,"href":"https:\/\/vinasfm.com\/noticias\/wp-json\/wp\/v2\/posts\/143556\/revisions"}],"predecessor-version":[{"id":143637,"href":"https:\/\/vinasfm.com\/noticias\/wp-json\/wp\/v2\/posts\/143556\/revisions\/143637"}],"wp:featuredmedia":[{"embeddable":true,"href":"https:\/\/vinasfm.com\/noticias\/wp-json\/wp\/v2\/media\/143612"}],"wp:attachment":[{"href":"https:\/\/vinasfm.com\/noticias\/wp-json\/wp\/v2\/media?parent=143556"}],"wp:term":[{"taxonomy":"category","embeddable":true,"href":"https:\/\/vinasfm.com\/noticias\/wp-json\/wp\/v2\/categories?post=143556"},{"taxonomy":"post_tag","embeddable":true,"href":"https:\/\/vinasfm.com\/noticias\/wp-json\/wp\/v2\/tags?post=143556"}],"curies":[{"name":"wp","href":"https:\/\/api.w.org\/{rel}","templated":true}]}}