{"id":143548,"date":"2025-01-20T12:13:09","date_gmt":"2025-01-20T15:13:09","guid":{"rendered":"https:\/\/vinasfm.com\/noticias\/?p=143548"},"modified":"2025-01-20T12:13:09","modified_gmt":"2025-01-20T15:13:09","slug":"desayuno-real-el-intendente-recibio-a-las-7-candidatas-al-cetro-departamental","status":"publish","type":"post","link":"https:\/\/vinasfm.com\/noticias\/desayuno-real-el-intendente-recibio-a-las-7-candidatas-al-cetro-departamental\/","title":{"rendered":"DESAYUNO REAL: EL INTENDENTE RECIBI\u00d3 A LAS 7 CANDIDATAS AL CETRO DEPARTAMENTAL"},"content":{"rendered":"<h4>Durante la ma\u00f1ana del lunes, el Intendente, Alejandro Molero, les dio la bienvenida a las siete candidatas al cetro vendimial en un desayuno especial.<\/h4>\n<p>Este suceso marca el inicio de una semana cargada de actividades en el marco de la vendimia departamental, <em>\u201cVendimia del Infinito\u201d<\/em>.<\/p>\n<p><span style=\"color: #003366;\"><strong>Mar\u00eda Delia Achetoni<\/strong><\/span>, directora de Cultura, expres\u00f3: <strong><em>\u201cEst\u00e1n las siete candidatas coronadas. Hoy se presentan junto al Intendente para continuar disfrutando del cronograma\u201d.<\/em><\/strong><\/p>\n<p>La agenda incluye actividades destacadas como la <em>\u00abNoche de Reinas\u00bb<\/em>, que tendr\u00e1 lugar el pr\u00f3ximo domingo a las 21 horas en la Avenida principal. <strong>En el escenario mayor, ubicado frente al Paseo Gastron\u00f3mico, se rendir\u00e1 homenaje a las reinas mandato cumplido, y el p\u00fablico podr\u00e1 conocer m\u00e1s de las candidatas actuales.<\/strong> Adem\u00e1s, se ofrecer\u00e1n espect\u00e1culos art\u00edsticos y un show de malambo proveniente de Mendoza. Simult\u00e1neamente, se llevar\u00e1 a cabo la peatonal que ser\u00e1 sede de diversos escenarios para que toda la comunidad participe.<\/p>\n<p>Achetoni tambi\u00e9n adelant\u00f3 otras actividades que formar\u00e1n parte del cronograma, como el <em><strong>\u00abDesayuno de Reinas\u00bb<\/strong><\/em><strong> la pr\u00f3xima semana en Casa Salonia<\/strong>, la <strong><em>\u00abV\u00eda Blanca\u00bb<\/em>, con el cl\u00e1sico desfile de candidatas y reinas<\/strong>, y la gran <strong><em>Fiesta Departamental \u201cVendimia del Infinito\u201d<\/em> en la plaza central.<\/strong> Este \u00faltimo evento contar\u00e1 con artistas invitados, una gran puesta en escena y la coronaci\u00f3n de la nueva reina.<\/p>\n<p>Adem\u00e1s, cabe destacar que las candidatas han recibido una completa formaci\u00f3n para afrontar sus roles con \u00e9xito. Se les ha ofrecido diferentes capacitaciones, en oratoria, talleres de folklore, recorridos por el departamento para profundizar el conocimiento en la historia del mismo y tambi\u00e9n participaron de una degustaci\u00f3n de vinos para conocer y valorar los productos locales.<\/p>\n<p><a href=\"https:\/\/vinasfm.com\/noticias\/wp-content\/uploads\/2025\/01\/Vendimia-2025-Desayuno-de-Reinas-en-Intendencia-19-copia-scaled.jpg\"><img loading=\"lazy\" decoding=\"async\" class=\"alignnone size-medium wp-image-143551\" src=\"https:\/\/vinasfm.com\/noticias\/wp-content\/uploads\/2025\/01\/Vendimia-2025-Desayuno-de-Reinas-en-Intendencia-19-copia-300x169.jpg\" alt=\"\" width=\"300\" height=\"169\" srcset=\"https:\/\/vinasfm.com\/noticias\/wp-content\/uploads\/2025\/01\/Vendimia-2025-Desayuno-de-Reinas-en-Intendencia-19-copia-300x169.jpg 300w, https:\/\/vinasfm.com\/noticias\/wp-content\/uploads\/2025\/01\/Vendimia-2025-Desayuno-de-Reinas-en-Intendencia-19-copia-1024x575.jpg 1024w, https:\/\/vinasfm.com\/noticias\/wp-content\/uploads\/2025\/01\/Vendimia-2025-Desayuno-de-Reinas-en-Intendencia-19-copia-768x431.jpg 768w, https:\/\/vinasfm.com\/noticias\/wp-content\/uploads\/2025\/01\/Vendimia-2025-Desayuno-de-Reinas-en-Intendencia-19-copia-1536x863.jpg 1536w, https:\/\/vinasfm.com\/noticias\/wp-content\/uploads\/2025\/01\/Vendimia-2025-Desayuno-de-Reinas-en-Intendencia-19-copia-2048x1150.jpg 2048w, https:\/\/vinasfm.com\/noticias\/wp-content\/uploads\/2025\/01\/Vendimia-2025-Desayuno-de-Reinas-en-Intendencia-19-copia-750x420.jpg 750w, https:\/\/vinasfm.com\/noticias\/wp-content\/uploads\/2025\/01\/Vendimia-2025-Desayuno-de-Reinas-en-Intendencia-19-copia-1140x641.jpg 1140w\" sizes=\"auto, (max-width: 300px) 100vw, 300px\" \/><\/a> <a href=\"https:\/\/vinasfm.com\/noticias\/wp-content\/uploads\/2025\/01\/Vendimia-2025-Desayuno-de-Reinas-en-Intendencia-18-copia-scaled.jpg\"><img loading=\"lazy\" decoding=\"async\" class=\"alignnone size-medium wp-image-143552\" src=\"https:\/\/vinasfm.com\/noticias\/wp-content\/uploads\/2025\/01\/Vendimia-2025-Desayuno-de-Reinas-en-Intendencia-18-copia-300x169.jpg\" alt=\"\" width=\"300\" height=\"169\" srcset=\"https:\/\/vinasfm.com\/noticias\/wp-content\/uploads\/2025\/01\/Vendimia-2025-Desayuno-de-Reinas-en-Intendencia-18-copia-300x169.jpg 300w, https:\/\/vinasfm.com\/noticias\/wp-content\/uploads\/2025\/01\/Vendimia-2025-Desayuno-de-Reinas-en-Intendencia-18-copia-1024x575.jpg 1024w, https:\/\/vinasfm.com\/noticias\/wp-content\/uploads\/2025\/01\/Vendimia-2025-Desayuno-de-Reinas-en-Intendencia-18-copia-768x431.jpg 768w, https:\/\/vinasfm.com\/noticias\/wp-content\/uploads\/2025\/01\/Vendimia-2025-Desayuno-de-Reinas-en-Intendencia-18-copia-1536x863.jpg 1536w, https:\/\/vinasfm.com\/noticias\/wp-content\/uploads\/2025\/01\/Vendimia-2025-Desayuno-de-Reinas-en-Intendencia-18-copia-2048x1150.jpg 2048w, https:\/\/vinasfm.com\/noticias\/wp-content\/uploads\/2025\/01\/Vendimia-2025-Desayuno-de-Reinas-en-Intendencia-18-copia-750x420.jpg 750w, https:\/\/vinasfm.com\/noticias\/wp-content\/uploads\/2025\/01\/Vendimia-2025-Desayuno-de-Reinas-en-Intendencia-18-copia-1140x641.jpg 1140w\" sizes=\"auto, (max-width: 300px) 100vw, 300px\" \/><\/a><\/p>\n<h6>Desayuno Real en el Edificio Municipal.<\/h6>\n<p><em><strong>\u201cSe nota la preparaci\u00f3n de cada candidata cuando se expresan y se presentan en el escenario. Estamos muy contentos por el entusiasmo y los proyectos que traen estas siete j\u00f3venes\u201d<\/strong><\/em>, afirm\u00f3 la directora de Cultura.<\/p>\n<p>El esp\u00edritu de la vendimia se vive con intensidad, destac\u00e1ndose el trabajo, la tradici\u00f3n y la energ\u00eda que estas actividades aportan a General Alvear.<\/p>\n","protected":false},"excerpt":{"rendered":"<p>Durante la ma\u00f1ana del lunes, el Intendente, Alejandro Molero, les dio la bienvenida a las siete candidatas al cetro vendimial en &#8230;<\/p>\n","protected":false},"author":7,"featured_media":143550,"comment_status":"open","ping_status":"open","sticky":false,"template":"","format":"standard","meta":{"footnotes":""},"categories":[1],"tags":[],"class_list":["post-143548","post","type-post","status-publish","format-standard","has-post-thumbnail","hentry","category-fmvinas"],"_links":{"self":[{"href":"https:\/\/vinasfm.com\/noticias\/wp-json\/wp\/v2\/posts\/143548","targetHints":{"allow":["GET"]}}],"collection":[{"href":"https:\/\/vinasfm.com\/noticias\/wp-json\/wp\/v2\/posts"}],"about":[{"href":"https:\/\/vinasfm.com\/noticias\/wp-json\/wp\/v2\/types\/post"}],"author":[{"embeddable":true,"href":"https:\/\/vinasfm.com\/noticias\/wp-json\/wp\/v2\/users\/7"}],"replies":[{"embeddable":true,"href":"https:\/\/vinasfm.com\/noticias\/wp-json\/wp\/v2\/comments?post=143548"}],"version-history":[{"count":2,"href":"https:\/\/vinasfm.com\/noticias\/wp-json\/wp\/v2\/posts\/143548\/revisions"}],"predecessor-version":[{"id":143553,"href":"https:\/\/vinasfm.com\/noticias\/wp-json\/wp\/v2\/posts\/143548\/revisions\/143553"}],"wp:featuredmedia":[{"embeddable":true,"href":"https:\/\/vinasfm.com\/noticias\/wp-json\/wp\/v2\/media\/143550"}],"wp:attachment":[{"href":"https:\/\/vinasfm.com\/noticias\/wp-json\/wp\/v2\/media?parent=143548"}],"wp:term":[{"taxonomy":"category","embeddable":true,"href":"https:\/\/vinasfm.com\/noticias\/wp-json\/wp\/v2\/categories?post=143548"},{"taxonomy":"post_tag","embeddable":true,"href":"https:\/\/vinasfm.com\/noticias\/wp-json\/wp\/v2\/tags?post=143548"}],"curies":[{"name":"wp","href":"https:\/\/api.w.org\/{rel}","templated":true}]}}