{"id":143534,"date":"2025-01-20T09:29:24","date_gmt":"2025-01-20T12:29:24","guid":{"rendered":"https:\/\/vinasfm.com\/noticias\/?p=143534"},"modified":"2025-01-21T08:55:54","modified_gmt":"2025-01-21T11:55:54","slug":"mendoza-tendra-su-primer-gran-evento-de-inteligencia-artificial-y-emprendimiento-ai-weekend-2025","status":"publish","type":"post","link":"https:\/\/vinasfm.com\/noticias\/mendoza-tendra-su-primer-gran-evento-de-inteligencia-artificial-y-emprendimiento-ai-weekend-2025\/","title":{"rendered":"MENDOZA TENDR\u00c1 SU PRIMER GRAN EVENTO DE INTELIGENCIA ARTIFICIAL Y EMPRENDIMIENTO: AI WEEKEND 2025"},"content":{"rendered":"<h4><span style=\"color: #000000;\"><strong>Del 21 al 23 de febrero, en el Espacio Cultural Julio Le Parc, los asistentes podr\u00e1n sumergirse en un ambiente de innovaci\u00f3n, colaboraci\u00f3n y aprendizaje, explorando c\u00f3mo la inteligencia artificial transforma la visi\u00f3n en acci\u00f3n mediante metodolog\u00edas \u00e1giles y enfoques disruptivos.<\/strong><\/span><\/h4>\n<p><span style=\"color: #000000;\">El <strong>Ministerio de Producci\u00f3n<\/strong>, a trav\u00e9s de la <strong>Direcci\u00f3n de Emprendedores y Cooperativas<\/strong>, invita a participar en el primer gran evento de inteligencia artificial y emprendimiento que se llevar\u00e1 a cabo en Mendoza este a\u00f1o, el\u00a0<em>AI Weekend 2025.<\/em><\/span><\/p>\n<p><span style=\"color: #000000;\">Del 21 al 23 de febrero, en el<strong> Espacio Cultural Julio Le Parc -Mitre 5000, Guaymall\u00e9n, Mendoza<\/strong>&#8211; los asistentes <strong>podr\u00e1n sumergirse en un ambiente de innovaci\u00f3n, colaboraci\u00f3n y aprendizaje, explorando c\u00f3mo la inteligencia artificial transforma la visi\u00f3n en acci\u00f3n mediante metodolog\u00edas \u00e1giles y enfoques disruptivos.<\/strong><\/span><\/p>\n<p><span style=\"color: #000000;\">Con el objetivo de inspirar, conectar y equipar a los profesionales y emprendedores del ma\u00f1ana, esta fecha se presenta como el evento del a\u00f1o para quienes desean explorar el impacto de la inteligencia artificial en el mundo de los negocios modernos.<\/span><\/p>\n<h2><span style=\"color: #000000;\"><strong>Charlas y\u00a0<em>workshops\u00a0<\/em>\u00fanicos: conociendo a los l\u00edderes de la innovaci\u00f3n<\/strong><\/span><\/h2>\n<p><span style=\"color: #000000;\">El\u00a0<em>AI Weekend\u00a0<\/em>contemplar\u00e1 la participaci\u00f3n de m\u00e1s de 10 l\u00edderes provinciales, nacionales e internacionales, expertos en innovaci\u00f3n y emprendimiento, compartir\u00e1n su visi\u00f3n sobre c\u00f3mo la inteligencia artificial est\u00e1 revolucionando las industrias actuales.<\/span><\/p>\n<p><span style=\"color: #000000;\">Desde\u00a0<em>startups\u00a0<\/em>disruptivas hasta grandes empresas, el impacto de la IA en los negocios ser\u00e1 explorado en profundidad en estas charlas transformadoras, que invitan a pensar m\u00e1s all\u00e1 de los l\u00edmites convencionales.<\/span><\/p>\n<p><span style=\"color: #000000;\"><strong><em>\u201cEstamos en camino hacia un nuevo paradigma en relaci\u00f3n con el trabajo y el estilo de vida de la humanidad. La inteligencia artificial es protagonista de esa revoluci\u00f3n, y hoy tenemos la accesibilidad suficiente para aprender a utilizarla de forma personal y obtener soluciones de alto impacto en nuestras vidas. Es importante introducirse en esta tecnolog\u00eda desde ahora; las personas que no aprendan a usarla quedar\u00e1n desfasadas\u201d<\/em><\/strong>, expres\u00f3 Juli\u00e1n Peralta, especialista en marketing y dise\u00f1o, parte de la organizaci\u00f3n del encuentro.<\/span><\/p>\n<p><img decoding=\"async\" src=\"https:\/\/www.mendoza.gov.ar\/wp-content\/uploads\/sites\/5\/2025\/01\/ai-we-2-700x350.jpg\" \/><\/p>\n<h2><span style=\"color: #000000;\"><strong>Un\u00a0<em>line-up<\/em>\u00a0diverso que invita a repensar la tecnolog\u00eda y la creatividad<\/strong><\/span><\/h2>\n<p><span style=\"color: #000000;\">Para abrir la jornada, <span style=\"color: #003366;\"><strong>Tom\u00e1s Balmaceda<\/strong><\/span>,<em> fil\u00f3sofo e\u00a0influencer<\/em>, nos adentrar\u00e1 en <strong>\u201cFilosof-IA: por qu\u00e9 debemos pensar sobre la inteligencia artificial\u201d.<\/strong> Luego, <span style=\"color: #003366;\"><strong>Mat\u00edas Rabaglia<\/strong><\/span>, <em>director creativo de la agencia Genosha<\/em>, pondr\u00e1 a prueba la imaginaci\u00f3n publicitaria, mientras <span style=\"color: #003366;\"><strong>Pablo Guzzi<\/strong><\/span> y <span style=\"color: #003366;\"><strong>Nicol\u00e1s Dacosta<\/strong><\/span>, <em>del equipo IT de la billetera virtual Ual\u00e1<\/em>, revelar\u00e1 c\u00f3mo la tecnolog\u00eda financiera est\u00e1 transformando la vida cotidiana.<\/span><\/p>\n<p><span style=\"color: #000000;\">El foco period\u00edstico y medi\u00e1tico llegar\u00e1 con <span style=\"color: #003366;\"><strong>Marisel Ronaldo<\/strong><\/span> (<em>Canal 13<\/em>), y el toque emprendedor vendr\u00e1 de la mano de <span style=\"color: #003366;\"><strong>Germ\u00e1n Mart\u00ednez<\/strong><\/span> (CTO de Napsix). Adem\u00e1s, se contar\u00e1 con la experiencia de Santiago Olivera, publicista argentino de renombre, y la visi\u00f3n de <span style=\"color: #003366;\"><strong>Pablo Verdenelli<\/strong><\/span>,<em> CEO de Seenka Media Data<\/em>, quien aportar\u00e1 datos frescos sobre la evoluci\u00f3n de la industria.<\/span><\/p>\n<p><span style=\"color: #000000;\">Para cerrar con creatividad y efectividad, Mercedes Prigetti, directora Creativa de SYUR, ense\u00f1ar\u00e1 a dise\u00f1ar presentaciones que impactan, y Juan Funes Szelagowski, director creativo de Furor.studio, compartir\u00e1 su experiencia recreando la famosa entrevista de Susana Gim\u00e9nez con\u00a0<em>La Mary\u00a0<\/em>a trav\u00e9s de la IA. El broche de oro llegar\u00e1 con Paula Baselice, de TikTok Brasil, y la presencia de Meta, que completar\u00e1n esta jornada de innovaci\u00f3n y reflexi\u00f3n.<\/span><\/p>\n<h2><span style=\"color: #000000;\"><strong>La Hackat\u00f3n \u00c1gil: \u00bfPodr\u00e1n crear una\u00a0<em>app\u00a0<\/em>o plataforma en 50 horas?<\/strong><\/span><\/h2>\n<p><span style=\"color: #000000;\">Uno de los momentos m\u00e1s esperados del\u00a0<em>AI Weekend<\/em>\u00a0ser\u00e1 la Hackat\u00f3n \u00c1gil, una experiencia \u00fanica dise\u00f1ada para que los participantes puedan desarrollar una\u00a0<em>app\u00a0<\/em>o plataforma desde cero. Formando equipos, definiendo problemas reales y utilizando IA para crear soluciones pr\u00e1cticas, los asistentes podr\u00e1n poner a prueba sus habilidades en un entorno din\u00e1mico y retador. Este es el espacio perfecto para quienes desean vivir la emoci\u00f3n de transformar ideas en proyectos reales<\/span><\/p>\n<p><span style=\"color: #000000;\">Germ\u00e1n Gimenez, CTO y cofundador de Napsix, destac\u00f3 la importancia del evento: \u201cDesde Napsix vemos al AI Weekend como una plataforma clave para inspirar a la pr\u00f3xima generaci\u00f3n de l\u00edderes en tecnolog\u00eda e innovaci\u00f3n. Estamos orgullosos de formar parte de este evento que pone a Mendoza en el mapa de la inteligencia artificial y reafirma nuestro compromiso con el desarrollo y la formaci\u00f3n tecnol\u00f3gica en la regi\u00f3n\u201d.<\/span><\/p>\n<p><span style=\"color: #000000;\">\u201cMendoza tiene mucho talento, y muchas veces no se explota porque los eventos grandes pasan en Buenos Aires, bueno, queremos traer eso, esa magia y que todos se sientan parte de un evento \u00fanico, las cosas que pasan en el hackat\u00f3n, son \u00fanicas como experiencia\u201d, expres\u00f3 Emi Panelli, parte del equipo que organiza el encuentro.<\/span><\/p>\n<p><span style=\"color: #000000;\">El\u00a0<em>AI Weekend 2025<\/em>\u00a0promete ser una experiencia inolvidable para quienes deseen liderar el cambio en un mundo cada vez m\u00e1s impulsado por la inteligencia artificial.<\/span><\/p>\n<p><span style=\"color: #000000;\"><strong>Inscripciones<\/strong><\/span><\/p>\n<p><span style=\"color: #000000;\">Las personas interesadas en formar parte de esta iniciativa deben inscribirse en<\/span>\u00a0<a href=\"https:\/\/bit.ly\/aiweekend2025\" target=\"_blank\" rel=\"noreferrer noopener\">https:\/\/bit.ly\/aiweekend2025<\/a><\/p>\n","protected":false},"excerpt":{"rendered":"<p>Del 21 al 23 de febrero, en el Espacio Cultural Julio Le Parc, los asistentes podr\u00e1n sumergirse en un ambiente de &#8230;<\/p>\n","protected":false},"author":7,"featured_media":143535,"comment_status":"open","ping_status":"open","sticky":false,"template":"","format":"standard","meta":{"footnotes":""},"categories":[18,171],"tags":[],"class_list":["post-143534","post","type-post","status-publish","format-standard","has-post-thumbnail","hentry","category-educacion","category-tecnologia"],"_links":{"self":[{"href":"https:\/\/vinasfm.com\/noticias\/wp-json\/wp\/v2\/posts\/143534","targetHints":{"allow":["GET"]}}],"collection":[{"href":"https:\/\/vinasfm.com\/noticias\/wp-json\/wp\/v2\/posts"}],"about":[{"href":"https:\/\/vinasfm.com\/noticias\/wp-json\/wp\/v2\/types\/post"}],"author":[{"embeddable":true,"href":"https:\/\/vinasfm.com\/noticias\/wp-json\/wp\/v2\/users\/7"}],"replies":[{"embeddable":true,"href":"https:\/\/vinasfm.com\/noticias\/wp-json\/wp\/v2\/comments?post=143534"}],"version-history":[{"count":1,"href":"https:\/\/vinasfm.com\/noticias\/wp-json\/wp\/v2\/posts\/143534\/revisions"}],"predecessor-version":[{"id":143536,"href":"https:\/\/vinasfm.com\/noticias\/wp-json\/wp\/v2\/posts\/143534\/revisions\/143536"}],"wp:featuredmedia":[{"embeddable":true,"href":"https:\/\/vinasfm.com\/noticias\/wp-json\/wp\/v2\/media\/143535"}],"wp:attachment":[{"href":"https:\/\/vinasfm.com\/noticias\/wp-json\/wp\/v2\/media?parent=143534"}],"wp:term":[{"taxonomy":"category","embeddable":true,"href":"https:\/\/vinasfm.com\/noticias\/wp-json\/wp\/v2\/categories?post=143534"},{"taxonomy":"post_tag","embeddable":true,"href":"https:\/\/vinasfm.com\/noticias\/wp-json\/wp\/v2\/tags?post=143534"}],"curies":[{"name":"wp","href":"https:\/\/api.w.org\/{rel}","templated":true}]}}