{"id":143504,"date":"2025-01-17T11:01:12","date_gmt":"2025-01-17T14:01:12","guid":{"rendered":"https:\/\/vinasfm.com\/noticias\/?p=143504"},"modified":"2025-01-17T11:01:12","modified_gmt":"2025-01-17T14:01:12","slug":"la-nochecita-de-picnic-brillo-en-bowen","status":"publish","type":"post","link":"https:\/\/vinasfm.com\/noticias\/la-nochecita-de-picnic-brillo-en-bowen\/","title":{"rendered":"LA \u201cNOCHECITA DE PICNIC\u201d BRILL\u00d3 EN BOWEN"},"content":{"rendered":"<h4><span style=\"color: #000000;\">Bowen vivi\u00f3 una noche m\u00e1gica este jueves con las \u00abNochecitas de Picnic\u00bb, una iniciativa de la Asesor\u00eda de Juventud en colaboraci\u00f3n con diversas \u00e1reas del municipio. <\/span><\/h4>\n<p><span style=\"color: #000000;\">Reuniendo m\u00fasica, gastronom\u00eda y entretenimiento, esta propuesta, que busca federalizar los eventos y llevarlos a distintos distritos, cont\u00f3 con una notable participaci\u00f3n de vecinos y visitantes que disfrutaron de una velada al aire libre.<\/span><\/p>\n<p><span style=\"color: #000000;\">La <em>asesora de la Juventud<\/em>, <span style=\"color: #003366;\"><strong>Milagros Nieto<\/strong><\/span>, destac\u00f3 la c\u00e1lida recepci\u00f3n de los vecinos de Bowen: <em><strong>\u201cLa verdad, muy contenta porque tuvimos una convocatoria muy linda, como nos pas\u00f3 el a\u00f1o pasado\u201d.<\/strong><\/em> Adem\u00e1s, Nieto subray\u00f3 el trabajo conjunto con \u00e1reas municipales como Econom\u00eda Social, Municipio Saludable y delegaciones locales.<\/span><\/p>\n<p><span style=\"color: #000000;\"><strong>El evento cont\u00f3 con distintas presentaciones musicales de artistas locales, poni\u00e9ndole diversi\u00f3n a la noche Bowense.<\/strong> Tambi\u00e9n se pudo disfrutar de food trucks, artesanos y restaurantes que participaron activamente, instalando mesas al aire libre para sumarse al festejo.<\/span><br \/>\n<span style=\"color: #000000;\">Por su parte, el delegado de Bowen, Luis Gergeluk, resalt\u00f3 la importancia de estas actividades para el distrito: <strong><em>\u201cSon iniciativas que los vecinos reciben muy bien. Trabajamos en conjunto para brindar alternativas que fortalezcan la vida comunitaria y tambi\u00e9n impulsen a los comercios locales\u201d.<\/em><\/strong><\/span><\/p>\n<p><span style=\"color: #000000;\">El entusiasmo de los vecinos qued\u00f3 reflejado en los testimonios. <span style=\"color: #003366;\"><strong>Liliana Noguerol<\/strong><\/span>, expres\u00f3: <strong><em>\u201cEs una manera de que el pueblo salga, nos divirtamos y disfrutemos del clima de verano\u201d<\/em><\/strong>. En tanto, <strong><span style=\"color: #003366;\">Daniel Savuc<\/span><\/strong>, comerciante gastron\u00f3mico, calific\u00f3 el evento como <em><strong>\u00abespectacular\u00bb<\/strong><\/em> y expres\u00f3 su deseo de que se repita con mayor frecuencia durante el verano. Por su parte, <strong><span style=\"color: #003366;\">Rolando D\u00edaz<\/span><\/strong>, vecino de origen chileno que vive en el distrito hace un a\u00f1o, comparti\u00f3 su admiraci\u00f3n por la tranquilidad y el esp\u00edritu comunitario del lugar: <strong><em>\u00abEsto es maravilloso, una oportunidad para disfrutar en familia y con amigos.\u00bb<\/em><\/strong><\/span><\/p>\n<p><span style=\"color: #000000;\">Este evento continuar\u00e1 el pr\u00f3ximo jueves en el <strong>Parque Luna de Alvear Oeste y para cerrar el ciclo de verano, la cita ser\u00e1 en el Paseo de los Artesanos de General Alvear con una sorpresa especial. <\/strong><\/span><\/p>\n<p><span style=\"color: #000000;\">Las <em>\u00abNochecitas de Picnic\u00bb<\/em> han demostrado ser un evento que re\u00fane a la comunidad y tambi\u00e9n revitaliza los espacios p\u00fablicos fomentando el desarrollo local. Una experiencia que se consolida como una tradici\u00f3n esperada por vecinos y visitantes cada verano.<\/span><\/p>\n","protected":false},"excerpt":{"rendered":"<p>Bowen vivi\u00f3 una noche m\u00e1gica este jueves con las \u00abNochecitas de Picnic\u00bb, una iniciativa de la Asesor\u00eda de Juventud en colaboraci\u00f3n &#8230;<\/p>\n","protected":false},"author":7,"featured_media":143505,"comment_status":"open","ping_status":"open","sticky":false,"template":"","format":"standard","meta":{"footnotes":""},"categories":[1],"tags":[],"class_list":["post-143504","post","type-post","status-publish","format-standard","has-post-thumbnail","hentry","category-fmvinas"],"_links":{"self":[{"href":"https:\/\/vinasfm.com\/noticias\/wp-json\/wp\/v2\/posts\/143504","targetHints":{"allow":["GET"]}}],"collection":[{"href":"https:\/\/vinasfm.com\/noticias\/wp-json\/wp\/v2\/posts"}],"about":[{"href":"https:\/\/vinasfm.com\/noticias\/wp-json\/wp\/v2\/types\/post"}],"author":[{"embeddable":true,"href":"https:\/\/vinasfm.com\/noticias\/wp-json\/wp\/v2\/users\/7"}],"replies":[{"embeddable":true,"href":"https:\/\/vinasfm.com\/noticias\/wp-json\/wp\/v2\/comments?post=143504"}],"version-history":[{"count":1,"href":"https:\/\/vinasfm.com\/noticias\/wp-json\/wp\/v2\/posts\/143504\/revisions"}],"predecessor-version":[{"id":143506,"href":"https:\/\/vinasfm.com\/noticias\/wp-json\/wp\/v2\/posts\/143504\/revisions\/143506"}],"wp:featuredmedia":[{"embeddable":true,"href":"https:\/\/vinasfm.com\/noticias\/wp-json\/wp\/v2\/media\/143505"}],"wp:attachment":[{"href":"https:\/\/vinasfm.com\/noticias\/wp-json\/wp\/v2\/media?parent=143504"}],"wp:term":[{"taxonomy":"category","embeddable":true,"href":"https:\/\/vinasfm.com\/noticias\/wp-json\/wp\/v2\/categories?post=143504"},{"taxonomy":"post_tag","embeddable":true,"href":"https:\/\/vinasfm.com\/noticias\/wp-json\/wp\/v2\/tags?post=143504"}],"curies":[{"name":"wp","href":"https:\/\/api.w.org\/{rel}","templated":true}]}}