{"id":143454,"date":"2025-01-15T11:56:23","date_gmt":"2025-01-15T14:56:23","guid":{"rendered":"https:\/\/vinasfm.com\/noticias\/?p=143454"},"modified":"2025-01-16T09:54:25","modified_gmt":"2025-01-16T12:54:25","slug":"vialidad-mendoza-pavimento-una-via-rural-de-general-alvear-con-escuela-y-centro-de-salud","status":"publish","type":"post","link":"https:\/\/vinasfm.com\/noticias\/vialidad-mendoza-pavimento-una-via-rural-de-general-alvear-con-escuela-y-centro-de-salud\/","title":{"rendered":"VIALIDAD MENDOZA PAVIMENT\u00d3 UNA V\u00cdA RURAL DE GENERAL ALVEAR CON ESCUELA Y CENTRO DE SALUD"},"content":{"rendered":"<h4><span style=\"color: #000000;\"><strong>Se trata de la calle 16, donde hay una escuela, un centro de salud y un importante establecimiento agr\u00edcola.\u00a0<\/strong><\/span><\/h4>\n<p><span style=\"color: #000000;\"><strong>Vialidad Mendoza concluy\u00f3 la pavimentaci\u00f3n de un importante camino rural de General Alvear, ubicado en Bowen<\/strong>, al que no solo se le renov\u00f3 la carpeta asf\u00e1ltica sino que se asfalt\u00f3 un tramo nuevo que era de suelo natural.\u00a0<\/span><\/p>\n<p><span style=\"color: #000000;\">De esta manera, <strong>contin\u00faa con el programa de renovaci\u00f3n de las v\u00edas agr\u00edcolas de este distrito del Sur provincial, que se inici\u00f3 hace dos a\u00f1os, y que en los 40 a\u00f1os anteriores no hab\u00eda registrado ning\u00fan tipo intervenci\u00f3n para mejorar la infraestructura vial.<\/strong><\/span><\/p>\n<p><span style=\"color: #000000;\">Se trata de <strong>reencarpetado y encarpetado asf\u00e1ltico de Calle 16, entre la Ruta Nacional 188 y la Calle G, cuya renovaci\u00f3n incluy\u00f3 una extensi\u00f3n total de dos kil\u00f3metros.\u00a0<\/strong><\/span><\/p>\n<p><span style=\"color: #000000;\">El <em>consejero de Zona Sur de Vialidad Mendoza<\/em>, <span style=\"color: #003366;\"><strong>Leonardo Vi\u00f1olo<\/strong><\/span>, se\u00f1al\u00f3 que <em><strong>\u201cla intervenci\u00f3n beneficiar\u00e1 la transitabilidad y el acceso a la Escuela David Ortiz, al centro de salud que tenemos sobre la misma calle y a un gran galp\u00f3n de empaques que opera en esta v\u00eda\u201d.\u00a0<\/strong><\/em><\/span><\/p>\n<p><span style=\"color: #000000;\">La obra, realizada por la <strong>Direcci\u00f3n Provincial de Vialidad<\/strong> con personal y equipos propios, <strong>implic\u00f3 el reencarpetado asf\u00e1ltico de 1.200 metros, con el fin de renovar el antiguo pavimento que ya ten\u00eda un importante deterioro.\u00a0<\/strong><\/span><\/p>\n<p><span style=\"color: #000000;\">Pero adem\u00e1s se asfaltaron 800 metros m\u00e1s, cuya traza era de tierra, dejando as\u00ed totalmente pavimentado el tramo entre la Ruta Nacional 188 y la Calle G.<\/span><\/p>\n","protected":false},"excerpt":{"rendered":"<p>Se trata de la calle 16, donde hay una escuela, un centro de salud y un importante establecimiento agr\u00edcola.\u00a0 Vialidad Mendoza &#8230;<\/p>\n","protected":false},"author":7,"featured_media":143456,"comment_status":"open","ping_status":"open","sticky":false,"template":"","format":"standard","meta":{"footnotes":""},"categories":[10,79],"tags":[],"class_list":["post-143454","post","type-post","status-publish","format-standard","has-post-thumbnail","hentry","category-destacadas","category-vialidad"],"_links":{"self":[{"href":"https:\/\/vinasfm.com\/noticias\/wp-json\/wp\/v2\/posts\/143454","targetHints":{"allow":["GET"]}}],"collection":[{"href":"https:\/\/vinasfm.com\/noticias\/wp-json\/wp\/v2\/posts"}],"about":[{"href":"https:\/\/vinasfm.com\/noticias\/wp-json\/wp\/v2\/types\/post"}],"author":[{"embeddable":true,"href":"https:\/\/vinasfm.com\/noticias\/wp-json\/wp\/v2\/users\/7"}],"replies":[{"embeddable":true,"href":"https:\/\/vinasfm.com\/noticias\/wp-json\/wp\/v2\/comments?post=143454"}],"version-history":[{"count":2,"href":"https:\/\/vinasfm.com\/noticias\/wp-json\/wp\/v2\/posts\/143454\/revisions"}],"predecessor-version":[{"id":143457,"href":"https:\/\/vinasfm.com\/noticias\/wp-json\/wp\/v2\/posts\/143454\/revisions\/143457"}],"wp:featuredmedia":[{"embeddable":true,"href":"https:\/\/vinasfm.com\/noticias\/wp-json\/wp\/v2\/media\/143456"}],"wp:attachment":[{"href":"https:\/\/vinasfm.com\/noticias\/wp-json\/wp\/v2\/media?parent=143454"}],"wp:term":[{"taxonomy":"category","embeddable":true,"href":"https:\/\/vinasfm.com\/noticias\/wp-json\/wp\/v2\/categories?post=143454"},{"taxonomy":"post_tag","embeddable":true,"href":"https:\/\/vinasfm.com\/noticias\/wp-json\/wp\/v2\/tags?post=143454"}],"curies":[{"name":"wp","href":"https:\/\/api.w.org\/{rel}","templated":true}]}}