{"id":143445,"date":"2025-01-15T10:00:09","date_gmt":"2025-01-15T13:00:09","guid":{"rendered":"https:\/\/vinasfm.com\/noticias\/?p=143445"},"modified":"2025-01-16T09:54:57","modified_gmt":"2025-01-16T12:54:57","slug":"calor-sofocante-mendoza-lidera-el-ranking-de-las-provincias-mas-calurosas-del-pais","status":"publish","type":"post","link":"https:\/\/vinasfm.com\/noticias\/calor-sofocante-mendoza-lidera-el-ranking-de-las-provincias-mas-calurosas-del-pais\/","title":{"rendered":"CALOR SOFOCANTE: MENDOZA L\u00cdDERA EL RANKING DE LAS PROVINCIAS M\u00c1S CALUROSAS DEL PA\u00cdS"},"content":{"rendered":"<h4><span style=\"color: #000000;\">Seg\u00fan el Servicio Meteorol\u00f3gico Nacional, la provincia registr\u00f3 29 grados de m\u00ednima a las 07:00. La temperatura m\u00e1xima prevista para la jornada podr\u00eda llegar a los 37 grados.<\/span><\/h4>\n<p><span style=\"color: #000000;\"><strong>Mendoza<\/strong>\u00a0sigue inmersa en la<strong>\u00a0ola de calor<\/strong>\u00a0y este mi\u00e9rcoles bati\u00f3 un nuevo r\u00e9cord al posicionarse en el\u00a0<strong>puesto n\u00famero uno del ranking de las provincias m\u00e1s calurosas del pa\u00eds<\/strong>.<\/span><\/p>\n<p><span style=\"color: #000000;\">Seg\u00fan el reporte emitido por las autoridades del\u00a0<strong>Servicio Meteorol\u00f3gico Nacional\u00a0<\/strong>(SMN)\u00a0<strong>a las 7 de la ma\u00f1ana la provincia registr\u00f3 una m\u00ednima de 29 grados.<\/strong>\u00a0La m\u00e1xima prevista para la jornada podr\u00eda llegar a los 37 grados.<\/span><\/p>\n<p><span style=\"color: #000000;\">De acuerdo con el informe,\u00a0<strong>Mendoza\u00a0<\/strong>se posicion\u00f3 por encima de San Juan, cuya m\u00ednima a las 7 fue de 28.2 grados, San Luis (26.7 grados), La Rioja (25.4 grados) y la Ciudad Aut\u00f3noma de Buenos Aires (CABA) que registr\u00f3 24.5 grados.<\/span><\/p>\n<p><span style=\"color: #000000;\"><img decoding=\"async\" src=\"https:\/\/i0.wp.com\/newspack-elsol.s3.amazonaws.com\/wp-content\/uploads\/2025\/01\/temperaturas-sofocantes-1024x509.png?resize=780%2C388&amp;ssl=1\" \/><\/span><\/p>\n<p><span style=\"color: #000000;\">El fen\u00f3meno se registra en gran parte del territorio nacional (sobre todo zonas del centro y norte del pa\u00eds) que est\u00e1n siendo afectadas por un per\u00edodo de altas temperaturas.<\/span><\/p>\n<p><span style=\"color: #000000;\">Seg\u00fan los especialistas, este fen\u00f3meno se debe a un\u00a0<strong>\u201cbloqueo atmosf\u00e9rico\u201d,\u00a0<\/strong>que lo que hace es prolongar las\u00a0altas temperaturas durante tres o cinco d\u00edas.<\/span><\/p>\n<p><span style=\"color: #000000;\"><strong><em>\u201cEs probable que este tipo de situaciones de bloqueo atmosf\u00e9rico se repitan en enero o febrero, debido a las condiciones clim\u00e1ticas actuales. El verano reci\u00e9n comienza y todav\u00eda queda un largo camino por recorrer\u201d<\/em><\/strong>, inform\u00f3 <span style=\"color: #003366;\"><strong>Christian Garavaglia<\/strong><\/span>, meteor\u00f3logo de\u00a0<strong>Meteored<\/strong>.<\/span><\/p>\n","protected":false},"excerpt":{"rendered":"<p>Seg\u00fan el Servicio Meteorol\u00f3gico Nacional, la provincia registr\u00f3 29 grados de m\u00ednima a las 07:00. La temperatura m\u00e1xima prevista para la &#8230;<\/p>\n","protected":false},"author":7,"featured_media":143446,"comment_status":"open","ping_status":"open","sticky":false,"template":"","format":"standard","meta":{"footnotes":""},"categories":[17,36],"tags":[],"class_list":["post-143445","post","type-post","status-publish","format-standard","has-post-thumbnail","hentry","category-clima","category-pronostico"],"_links":{"self":[{"href":"https:\/\/vinasfm.com\/noticias\/wp-json\/wp\/v2\/posts\/143445","targetHints":{"allow":["GET"]}}],"collection":[{"href":"https:\/\/vinasfm.com\/noticias\/wp-json\/wp\/v2\/posts"}],"about":[{"href":"https:\/\/vinasfm.com\/noticias\/wp-json\/wp\/v2\/types\/post"}],"author":[{"embeddable":true,"href":"https:\/\/vinasfm.com\/noticias\/wp-json\/wp\/v2\/users\/7"}],"replies":[{"embeddable":true,"href":"https:\/\/vinasfm.com\/noticias\/wp-json\/wp\/v2\/comments?post=143445"}],"version-history":[{"count":1,"href":"https:\/\/vinasfm.com\/noticias\/wp-json\/wp\/v2\/posts\/143445\/revisions"}],"predecessor-version":[{"id":143447,"href":"https:\/\/vinasfm.com\/noticias\/wp-json\/wp\/v2\/posts\/143445\/revisions\/143447"}],"wp:featuredmedia":[{"embeddable":true,"href":"https:\/\/vinasfm.com\/noticias\/wp-json\/wp\/v2\/media\/143446"}],"wp:attachment":[{"href":"https:\/\/vinasfm.com\/noticias\/wp-json\/wp\/v2\/media?parent=143445"}],"wp:term":[{"taxonomy":"category","embeddable":true,"href":"https:\/\/vinasfm.com\/noticias\/wp-json\/wp\/v2\/categories?post=143445"},{"taxonomy":"post_tag","embeddable":true,"href":"https:\/\/vinasfm.com\/noticias\/wp-json\/wp\/v2\/tags?post=143445"}],"curies":[{"name":"wp","href":"https:\/\/api.w.org\/{rel}","templated":true}]}}