{"id":143439,"date":"2025-01-15T09:24:26","date_gmt":"2025-01-15T12:24:26","guid":{"rendered":"https:\/\/vinasfm.com\/noticias\/?p=143439"},"modified":"2025-01-16T09:55:42","modified_gmt":"2025-01-16T12:55:42","slug":"inseguridad-en-general-alvear-delincuentes-le-robaron-la-bicicleta-a-mujer-mayo","status":"publish","type":"post","link":"https:\/\/vinasfm.com\/noticias\/inseguridad-en-general-alvear-delincuentes-le-robaron-la-bicicleta-a-mujer-mayo\/","title":{"rendered":"INSEGURIDAD EN GENERAL ALVEAR: DELINCUENTES LE ROBARON LA BICICLETA A MUJER MAYOR"},"content":{"rendered":"<h4 data-sourcepos=\"5:1-5:283\"><span style=\"color: #000000;\">En la noche del martes, alrededor de las 20:00 horas, una mujer identificada como E. V. fue v\u00edctima de un robo en su domicilio ubicado en calle Santa Fe. Al regresar a su hogar, descubri\u00f3 que desconocidos hab\u00edan ingresado y sustra\u00eddo su bicicleta rodado 24 con canasto.<\/span><\/h4>\n<p data-sourcepos=\"7:1-7:159\"><span style=\"color: #000000;\">La v\u00edctima radic\u00f3 la denuncia en la Comisar\u00eda 14, quienes se encuentran investigando el hecho. La Oficina Fiscal de Jurisdicci\u00f3n tambi\u00e9n interviene en el caso.<\/span><\/p>\n<p data-sourcepos=\"9:1-9:260\"><span style=\"color: #000000;\">Este nuevo hecho se suma a la serie de robos de bicicletas que se han registrado en la zona en las \u00faltimas semanas, generando preocupaci\u00f3n entre los vecinos. <strong>Las autoridades recomiendan extremar las medidas de seguridad y denunciar cualquier hecho sospechoso.<\/strong><\/span><\/p>\n","protected":false},"excerpt":{"rendered":"<p>En la noche del martes, alrededor de las 20:00 horas, una mujer identificada como E. V. fue v\u00edctima de un robo &#8230;<\/p>\n","protected":false},"author":7,"featured_media":143440,"comment_status":"open","ping_status":"open","sticky":false,"template":"","format":"standard","meta":{"footnotes":""},"categories":[201,4],"tags":[],"class_list":["post-143439","post","type-post","status-publish","format-standard","has-post-thumbnail","hentry","category-inseguridad","category-policiales"],"_links":{"self":[{"href":"https:\/\/vinasfm.com\/noticias\/wp-json\/wp\/v2\/posts\/143439","targetHints":{"allow":["GET"]}}],"collection":[{"href":"https:\/\/vinasfm.com\/noticias\/wp-json\/wp\/v2\/posts"}],"about":[{"href":"https:\/\/vinasfm.com\/noticias\/wp-json\/wp\/v2\/types\/post"}],"author":[{"embeddable":true,"href":"https:\/\/vinasfm.com\/noticias\/wp-json\/wp\/v2\/users\/7"}],"replies":[{"embeddable":true,"href":"https:\/\/vinasfm.com\/noticias\/wp-json\/wp\/v2\/comments?post=143439"}],"version-history":[{"count":3,"href":"https:\/\/vinasfm.com\/noticias\/wp-json\/wp\/v2\/posts\/143439\/revisions"}],"predecessor-version":[{"id":143448,"href":"https:\/\/vinasfm.com\/noticias\/wp-json\/wp\/v2\/posts\/143439\/revisions\/143448"}],"wp:featuredmedia":[{"embeddable":true,"href":"https:\/\/vinasfm.com\/noticias\/wp-json\/wp\/v2\/media\/143440"}],"wp:attachment":[{"href":"https:\/\/vinasfm.com\/noticias\/wp-json\/wp\/v2\/media?parent=143439"}],"wp:term":[{"taxonomy":"category","embeddable":true,"href":"https:\/\/vinasfm.com\/noticias\/wp-json\/wp\/v2\/categories?post=143439"},{"taxonomy":"post_tag","embeddable":true,"href":"https:\/\/vinasfm.com\/noticias\/wp-json\/wp\/v2\/tags?post=143439"}],"curies":[{"name":"wp","href":"https:\/\/api.w.org\/{rel}","templated":true}]}}