{"id":143434,"date":"2025-01-15T09:13:36","date_gmt":"2025-01-15T12:13:36","guid":{"rendered":"https:\/\/vinasfm.com\/noticias\/?p=143434"},"modified":"2025-01-16T09:55:59","modified_gmt":"2025-01-16T12:55:59","slug":"fondo-compensador-agricola-vargas-arizu-recorrio-el-sur-provincial-y-anuncio-pagos-por-621-millones","status":"publish","type":"post","link":"https:\/\/vinasfm.com\/noticias\/fondo-compensador-agricola-vargas-arizu-recorrio-el-sur-provincial-y-anuncio-pagos-por-621-millones\/","title":{"rendered":"FONDO COMPENSADOR AGR\u00cdCOLA: VARGAS ARIZU RECORRI\u00d3 EL SUR PROVINCIAL Y ANUNCI\u00d3 PAGOS POR $621 MILLONES"},"content":{"rendered":"<h4><span style=\"color: #000000;\">El Gobierno de Mendoza entregar\u00e1 $621 millones a 143 productores afectados por heladas y granizo. El ministro de Producci\u00f3n, Rodolfo Vargas Arizu, junto a la vicegobernadora Hebe Casado, visit\u00f3 las zonas m\u00e1s perjudicadas en el Sur provincial para evaluar el impacto del reciente evento clim\u00e1tico.<\/span><\/h4>\n<p><span style=\"color: #000000;\">El Ministerio de Producci\u00f3n, <strong>a trav\u00e9s de la Direcci\u00f3n de Contingencias Clim\u00e1ticas, concluir\u00e1 ma\u00f1ana el pago del Fondo Compensador Agr\u00edcola 2024\/25, beneficiando a 143 productores con da\u00f1os superiores a 90% en sus cultivos. En diciembre se adelantaron $248 millones a 43 productores con documentaci\u00f3n completa, mientras que ma\u00f1ana se transferir\u00e1n los $373 millones restantes a otros 100 productores que regularizaron su situaci\u00f3n administrativa.<\/strong><\/span><\/p>\n<p><span style=\"color: #000000;\">Del total de productores beneficiados, 89,8% pertenece al oasis Sur, con la siguiente distribuci\u00f3n:<\/span><\/p>\n<ul>\n<li><strong><span style=\"color: #000000;\">67 en San Rafael.<\/span><\/strong><\/li>\n<li><strong><span style=\"color: #000000;\">25 en General Alvear.<\/span><\/strong><\/li>\n<li><strong><span style=\"color: #000000;\">8 en Santa Rosa.<\/span><\/strong><\/li>\n<li><strong><span style=\"color: #000000;\">2 en Lavalle.<\/span><\/strong><\/li>\n<li><strong><span style=\"color: #000000;\">1 en Tunuy\u00e1n.<\/span><\/strong><\/li>\n<\/ul>\n<h2><span style=\"color: #000000;\"><strong>Relevamiento en zonas afectadas por granizo<\/strong><\/span><\/h2>\n<p><span style=\"color: #000000;\">En paralelo, el <em>ministro de Producci\u00f3n<\/em>, <strong><span style=\"color: #003366;\">Rodolfo Vargas Arizu<\/span><\/strong>, junto a la <span style=\"color: #003366;\"><strong>vicegobernadora Hebe Casado<\/strong><\/span> y el <em>director de Agricultura<\/em>, <span style=\"color: #003366;\"><strong>Alfredo Draque<\/strong><\/span>, visit\u00f3 Real del Padre, una de las localidades m\u00e1s afectadas por las recientes tormentas de granizo en el Sur provincial. Tambi\u00e9n particip\u00f3 en la reuni\u00f3n el coordinador de la Delegaci\u00f3n Sur del Ministerio de Producci\u00f3n, Andr\u00e9s Vabrik.<\/span><\/p>\n<p><span style=\"color: #000000;\">La comitiva realiz\u00f3 un relevamiento junto a An\u00edbal Luna, presidente de la Asociaci\u00f3n de Productores del Oasis Sur (POS), y productores locales para evaluar los da\u00f1os y planificar acciones de recuperaci\u00f3n.<\/span><\/p>\n<p><span style=\"color: #000000;\">Vargas Arizu destac\u00f3 la importancia de la respuesta r\u00e1pida y las medidas preventivas: <em><strong>\u201cHemos priorizado la atenci\u00f3n inmediata a los productores afectados, asegurando recursos para mitigar los da\u00f1os y planificar futuras actividades. Este a\u00f1o redoblaremos los esfuerzos en medidas preventivas, como la colocaci\u00f3n de mallas antigranizo y la expansi\u00f3n del Fondo Compensador\u201d.<\/strong><\/em><\/span><\/p>\n<h2><span style=\"color: #000000;\"><strong>Detalles del Fondo Compensador Agr\u00edcola<\/strong><\/span><\/h2>\n<p><span style=\"color: #000000;\">El Fondo Compensador Agr\u00edcola ofrece tres tipos de cobertura:<\/span><\/p>\n<ul>\n<li><span style=\"color: #000000;\"><strong>Espec\u00edfica (Granizo):<\/strong> $1.500.000 por hect\u00e1rea afectada con da\u00f1o total.<\/span><\/li>\n<li><span style=\"color: #000000;\"><strong>Inicial (Granizo + Heladas):<\/strong> $600.000 por hect\u00e1rea con da\u00f1o total.<\/span><\/li>\n<li><span style=\"color: #000000;\"><strong>Integral (Granizo + Heladas):<\/strong> $1.500.000 por hect\u00e1rea con da\u00f1o total.<\/span><\/li>\n<\/ul>\n<p><span style=\"color: #000000;\">Para los productores hort\u00edcolas, la compensaci\u00f3n es de $120.000 por hect\u00e1rea en cualquiera de las coberturas.<\/span><\/p>\n<h3><span style=\"color: #000000;\"><strong>Acceso y requisitos<\/strong><\/span><\/h3>\n<p><span style=\"color: #000000;\">Los productores interesados deben estar inscriptos en el Registro Permanente del Uso de la Tierra (RUT-SIA) y registrar su CBU en<\/span>\u00a0<a href=\"http:\/\/www.mendoza.gov.ar\/contingencias\/\" data-type=\"URL\" data-id=\"www.mendoza.gov.ar\/contingencias\/\">www.mendoza.gov.ar\/contingencias\/<\/a>.<\/p>\n<h2><strong>Compromiso con el sector agr\u00edcola<\/strong><\/h2>\n<p>La Provincia contin\u00faa trabajando en la mejora de infraestructura y el fortalecimiento de medidas preventivas frente a eventos clim\u00e1ticos adversos, consolidando su compromiso con el desarrollo de las econom\u00edas regionales.<\/p>\n","protected":false},"excerpt":{"rendered":"<p>El Gobierno de Mendoza entregar\u00e1 $621 millones a 143 productores afectados por heladas y granizo. El ministro de Producci\u00f3n, Rodolfo Vargas &#8230;<\/p>\n","protected":false},"author":7,"featured_media":143437,"comment_status":"open","ping_status":"open","sticky":false,"template":"","format":"standard","meta":{"footnotes":""},"categories":[14,10],"tags":[],"class_list":["post-143434","post","type-post","status-publish","format-standard","has-post-thumbnail","hentry","category-agro","category-destacadas"],"_links":{"self":[{"href":"https:\/\/vinasfm.com\/noticias\/wp-json\/wp\/v2\/posts\/143434","targetHints":{"allow":["GET"]}}],"collection":[{"href":"https:\/\/vinasfm.com\/noticias\/wp-json\/wp\/v2\/posts"}],"about":[{"href":"https:\/\/vinasfm.com\/noticias\/wp-json\/wp\/v2\/types\/post"}],"author":[{"embeddable":true,"href":"https:\/\/vinasfm.com\/noticias\/wp-json\/wp\/v2\/users\/7"}],"replies":[{"embeddable":true,"href":"https:\/\/vinasfm.com\/noticias\/wp-json\/wp\/v2\/comments?post=143434"}],"version-history":[{"count":1,"href":"https:\/\/vinasfm.com\/noticias\/wp-json\/wp\/v2\/posts\/143434\/revisions"}],"predecessor-version":[{"id":143438,"href":"https:\/\/vinasfm.com\/noticias\/wp-json\/wp\/v2\/posts\/143434\/revisions\/143438"}],"wp:featuredmedia":[{"embeddable":true,"href":"https:\/\/vinasfm.com\/noticias\/wp-json\/wp\/v2\/media\/143437"}],"wp:attachment":[{"href":"https:\/\/vinasfm.com\/noticias\/wp-json\/wp\/v2\/media?parent=143434"}],"wp:term":[{"taxonomy":"category","embeddable":true,"href":"https:\/\/vinasfm.com\/noticias\/wp-json\/wp\/v2\/categories?post=143434"},{"taxonomy":"post_tag","embeddable":true,"href":"https:\/\/vinasfm.com\/noticias\/wp-json\/wp\/v2\/tags?post=143434"}],"curies":[{"name":"wp","href":"https:\/\/api.w.org\/{rel}","templated":true}]}}