{"id":143419,"date":"2025-01-14T14:40:06","date_gmt":"2025-01-14T17:40:06","guid":{"rendered":"https:\/\/vinasfm.com\/noticias\/?p=143419"},"modified":"2025-01-15T10:00:47","modified_gmt":"2025-01-15T13:00:47","slug":"mendoza-tuvo-una-buena-primera-quincena-en-materia-turistica","status":"publish","type":"post","link":"https:\/\/vinasfm.com\/noticias\/mendoza-tuvo-una-buena-primera-quincena-en-materia-turistica\/","title":{"rendered":"MENDOZA TUVO UNA BUENA PRIMERA QUINCENA, EN MATERIA TUR\u00cdSTICA."},"content":{"rendered":"<h4>Este verano, la Provincia est\u00e1 posicionada como uno de los sitios m\u00e1s elegidos del pa\u00eds, a pesar de que no es un destino de sol y playa. Los primeros d\u00edas de 2025 presentaron un incremento en la llegada de turistas, respecto al a\u00f1o anterior.<\/h4>\n<p>Las propuestas que ofrece nuestra provincia para la temporada veraniega apuntan principalmente a la familia, que es la que viaja en esta \u00e9poca del a\u00f1o. <strong>De all\u00ed que el Gobierno de Mendoza, en conjunto con los municipios y el sector privado, est\u00e1 trabajando en una campa\u00f1a de Turismo de Cercan\u00eda, a trav\u00e9s de la cual se muestran experiencias para todas las edades y presupuestos, adem\u00e1s de seguir promocionando a la provincia, a nivel nacional e internacional, con pauta publicitaria en medios tradicionales y redes.<\/strong><\/p>\n<p>Esto hace que los n\u00fameros de visitantes en <strong>Mendoza est\u00e9n constituidos por turistas nacionales, principalmente de Buenos Aires, Santa Fe y C\u00f3rdoba e internacionales, sobre todo de Chile y Brasil.<\/strong> Adem\u00e1s, como viene ocurriendo desde hace varios a\u00f1os, en la temporada estival, visitan la provincia muchos europeos y norteamericanos, que vienen a hacer andinismo.<\/p>\n<p>Seg\u00fan los datos suministrados por el Observatorio Tur\u00edstico, la ocupaci\u00f3n ponderada, entre todas las modalidades de alojamiento y todas las zonas tur\u00edsticas, entre el 1 y el 15 de enero de 2025, super\u00f3 el 61%, con aproximadamente 180 mil visitantes. <strong>Esto implica un incremento de 5,39 puntos porcentuales, respecto al 56% registrado en el mismo per\u00edodo de 2024. Se puede observar un leve repunte de la actividad, a pesar de la situaci\u00f3n macroecon\u00f3mica.<\/strong><\/p>\n<p>Al respecto, <em>la presidenta del Emetur<\/em>, <span style=\"color: #800080;\"><strong>Gabriela Testa<\/strong><\/span> coment\u00f3 que <strong><em>\u201cteniendo en cuenta la devaluaci\u00f3n de fines de 2023 y principios de 2024, que afect\u00f3 al sector durante el a\u00f1o pasado, la primera quincena de este a\u00f1o ha presentado un leve repunte, gracias a la estabilidad econ\u00f3mica\u201d.<\/em><\/strong><\/p>\n<p><em><strong>\u201cMendoza ya no presenta estacionalidad y el verano nunca fue la temporada m\u00e1s fuerte, en materia tur\u00edstica, para la provincia, teniendo en cuenta de que no somos un destino de sol y playa. No obstante, estamos trabajando para ofrecer experiencias de Turismo de Cercan\u00eda, para toda la familia, en contacto con la naturaleza y el verano es la \u00e9poca ideal\u201d<\/strong><\/em>, finaliz\u00f3 la funcionaria.<\/p>\n<h2>Importe aporte para la Provincia<\/h2>\n<p>Teniendo en cuenta la llegada de 180.000 turistas, en estos primeros d\u00edas del a\u00f1o, ingresaron a nuestra provincia $56.158,23 millones de pesos, considerando una estad\u00eda promedio de 4,2 d\u00edas y un gasto diario de $74.245,02, por persona. Cabe destacar que cerca de un 40% de los visitantes se hospeda en casa de parientes y amigos.<\/p>\n<p>Seg\u00fan los datos del Observatorio, la preferencia por destinos de naturaleza volvi\u00f3 a ser protagonista. <strong>Las Villas de San Rafael encabezaron la lista, con un 83% de ocupaci\u00f3n, seguido por Potrerillos (81%), Ruta 82 y Cacheuta (73%) y Tunuy\u00e1n (58%). Uspallata se ubic\u00f3 en un 47%, mientras que Tupungato y San Carlos registraron el 45% y 58%, respectivamente. Malarg\u00fce, por su parte, alcanz\u00f3 el 50%.\u00a0<\/strong><\/p>\n<p>La Laguna del Diamante, La caverna de las brujas y otras reservas naturales provinciales tambi\u00e9n mostraron su poder de atracci\u00f3n, en particular para quienes buscan trekking, monta\u00f1ismo y contacto directo con la Cordillera de los Andes.<\/p>\n","protected":false},"excerpt":{"rendered":"<p>Este verano, la Provincia est\u00e1 posicionada como uno de los sitios m\u00e1s elegidos del pa\u00eds, a pesar de que no es &#8230;<\/p>\n","protected":false},"author":7,"featured_media":143421,"comment_status":"open","ping_status":"open","sticky":false,"template":"","format":"standard","meta":{"footnotes":""},"categories":[10,21],"tags":[],"class_list":["post-143419","post","type-post","status-publish","format-standard","has-post-thumbnail","hentry","category-destacadas","category-turismo-2"],"_links":{"self":[{"href":"https:\/\/vinasfm.com\/noticias\/wp-json\/wp\/v2\/posts\/143419","targetHints":{"allow":["GET"]}}],"collection":[{"href":"https:\/\/vinasfm.com\/noticias\/wp-json\/wp\/v2\/posts"}],"about":[{"href":"https:\/\/vinasfm.com\/noticias\/wp-json\/wp\/v2\/types\/post"}],"author":[{"embeddable":true,"href":"https:\/\/vinasfm.com\/noticias\/wp-json\/wp\/v2\/users\/7"}],"replies":[{"embeddable":true,"href":"https:\/\/vinasfm.com\/noticias\/wp-json\/wp\/v2\/comments?post=143419"}],"version-history":[{"count":2,"href":"https:\/\/vinasfm.com\/noticias\/wp-json\/wp\/v2\/posts\/143419\/revisions"}],"predecessor-version":[{"id":143422,"href":"https:\/\/vinasfm.com\/noticias\/wp-json\/wp\/v2\/posts\/143419\/revisions\/143422"}],"wp:featuredmedia":[{"embeddable":true,"href":"https:\/\/vinasfm.com\/noticias\/wp-json\/wp\/v2\/media\/143421"}],"wp:attachment":[{"href":"https:\/\/vinasfm.com\/noticias\/wp-json\/wp\/v2\/media?parent=143419"}],"wp:term":[{"taxonomy":"category","embeddable":true,"href":"https:\/\/vinasfm.com\/noticias\/wp-json\/wp\/v2\/categories?post=143419"},{"taxonomy":"post_tag","embeddable":true,"href":"https:\/\/vinasfm.com\/noticias\/wp-json\/wp\/v2\/tags?post=143419"}],"curies":[{"name":"wp","href":"https:\/\/api.w.org\/{rel}","templated":true}]}}